{"id":9717,"date":"2020-03-11T09:00:39","date_gmt":"2020-03-11T15:00:39","guid":{"rendered":"http:\/\/www.zonaroja.com.mx\/?p=9717"},"modified":"2020-03-11T09:14:41","modified_gmt":"2020-03-11T15:14:41","slug":"desconfia-familia-de-edil-de-jalapa-de-diaz-de-investigaciones-de-fiscalia","status":"publish","type":"post","link":"https:\/\/zonaroja.com.mx\/?p=9717","title":{"rendered":"La FGR pide informes sobre caso edil de Jalapa a Fiscal\u00eda, pero dice que no tiene"},"content":{"rendered":"\n<p>Yuridiana\nSosa\/Zona Roja.<\/p>\n\n\n\n<p>San Juan\nBautista Tuxtepec, Oax., 11 de marzo de 2020.- A casi tres meses del asesinato\nde Arturo Garc\u00eda Vel\u00e1squez, presidente por Morena de San Felipe Jalapa de D\u00edaz,\nla Fiscal\u00eda General de Oaxaca no logra establecer comunicaci\u00f3n con la familia\nde la v\u00edctima para tener m\u00e1s datos sobre el crimen ocurrido el pasado 23 de\ndiciembre.<\/p>\n\n\n\n<p>As\u00ed lo\ndio a conocer el fiscal Rub\u00e9n Vasconcelos en conferencia de prensa, durante una\ngira de trabajo efectuada ayer, en la que anunci\u00f3 el fortalecimiento de la\nAgencia Estatal de Investigaci\u00f3n (AEI) con 47 efectivos, as\u00ed como rotaci\u00f3n de\nplantilla y mandos.<\/p>\n\n\n\n<p>El\nfuncionario indic\u00f3 que por el asesinato con arma de fuego del ex edil durante\nun evento p\u00fablico la Fiscal\u00eda General de la Rep\u00fablica (FGR) le ha solicitado\ninformaci\u00f3n; sin embargo, no ha logrado tener mayor informaci\u00f3n debido a que \u201cno\ntienen mucha comunicaci\u00f3n\u201d con la familia de Garc\u00eda Vel\u00e1squez por los sucesos\nanteriores a su muerte.<\/p>\n\n\n\n<p>En\noctubre, Arturo Garc\u00eda fue detenido por elementos de la Agencia Estatal de\nInvestigaci\u00f3n (AEI) de la Fiscal\u00eda durante en un cateo en su domicilio en\nJalapa de D\u00edaz, como parte de un operativo por desaparici\u00f3n de personas en la\nzona mazateca de la Cuenca; as\u00ed tambi\u00e9n se le acus\u00f3 de portaci\u00f3n de armas de\nfuego exclusiva del ej\u00e9rcito.<\/p>\n\n\n\n<p>El edil\nregres\u00f3 a gobernar a su municipio casi un mes despu\u00e9s de los hechos, por el que\nel diputados y senadores de Morena se posicionaron en contra, denunciaron\nhostigamiento pol\u00edtico del gobierno de Alejandro Murat y exigieron justicia.<\/p>\n\n\n\n<p>Pese a\nesos actos, Rub\u00e9n Vasconcelos indic\u00f3 que la investigaci\u00f3n por el homicidio\ndoloso contin\u00faa. \u201cLes hemos pedido que conf\u00eden, que la Fiscal\u00eda no hace\nactividades fuera de la ley\u201d, agreg\u00f3.<\/p>\n\n\n\n<p>FOCO DE\nATENCI\u00d3N<\/p>\n\n\n\n<p>El fiscal\nse retract\u00f3 respecto a la categorizaci\u00f3n de la regi\u00f3n de la Cuenca de ser la\nzona con m\u00e1s homicidios en la entidad, pues ahora, dijo, es la regi\u00f3n Costa.<\/p>\n\n\n\n<p>Ello a pesar\nque, a mediados de febrero, cuando se pact\u00f3 un operativo especial en la regi\u00f3n\npor el alto n\u00famero de homicidios y por lo que se se\u00f1al\u00f3 era la zona m\u00e1s\npeligrosa de Oaxaca.<\/p>\n\n\n\n<p>Dijo que\nel norte de Oaxaca s\u00f3lo es una regi\u00f3n de \u201cfoco de atenci\u00f3n permanente\u201d, en\ndonde ya hay un plan estrat\u00e9gico, adem\u00e1s que, han visualizado los objetivos\nespec\u00edficos que controlan el crimen en la regi\u00f3n . <\/p>\n\n\n\n<p>En\nTuxtepec, agreg\u00f3, tienen registrado 20 homicidios dolosos en lo que va del a\u00f1o,\nde los cuales cuatro son v\u00edctima mujeres. En el a\u00f1o 2019, agreg\u00f3,&nbsp; se iniciaron 143 carpetas de investigaci\u00f3n.<\/p>\n","protected":false},"excerpt":{"rendered":"<p>Yuridiana Sosa\/Zona Roja. San Juan Bautista Tuxtepec, Oax., 11 de marzo de 2020.- A casi&hellip;<\/p>\n","protected":false},"author":2,"featured_media":6964,"comment_status":"closed","ping_status":"open","sticky":false,"template":"","format":"standard","meta":{"_lmt_disableupdate":"","_lmt_disable":"","_jetpack_memberships_contains_paid_content":false,"footnotes":""},"categories":[109,47],"tags":[930,580],"class_list":["post-9717","post","type-post","status-publish","format-standard","has-post-thumbnail","hentry","category-minuto-a-minuto","category-zona-gris","tag-arturo-garcia-velasquez","tag-san-felipe-jalapa-de-diaz"],"jetpack_featured_media_url":"https:\/\/zonaroja.com.mx\/wp-content\/uploads\/2019\/12\/Sepelio-edil-Jalapa-1.jpg","jetpack_sharing_enabled":true,"_links":{"self":[{"href":"https:\/\/zonaroja.com.mx\/index.php?rest_route=\/wp\/v2\/posts\/9717","targetHints":{"allow":["GET"]}}],"collection":[{"href":"https:\/\/zonaroja.com.mx\/index.php?rest_route=\/wp\/v2\/posts"}],"about":[{"href":"https:\/\/zonaroja.com.mx\/index.php?rest_route=\/wp\/v2\/types\/post"}],"author":[{"embeddable":true,"href":"https:\/\/zonaroja.com.mx\/index.php?rest_route=\/wp\/v2\/users\/2"}],"replies":[{"embeddable":true,"href":"https:\/\/zonaroja.com.mx\/index.php?rest_route=%2Fwp%2Fv2%2Fcomments&post=9717"}],"version-history":[{"count":2,"href":"https:\/\/zonaroja.com.mx\/index.php?rest_route=\/wp\/v2\/posts\/9717\/revisions"}],"predecessor-version":[{"id":9745,"href":"https:\/\/zonaroja.com.mx\/index.php?rest_route=\/wp\/v2\/posts\/9717\/revisions\/9745"}],"wp:featuredmedia":[{"embeddable":true,"href":"https:\/\/zonaroja.com.mx\/index.php?rest_route=\/wp\/v2\/media\/6964"}],"wp:attachment":[{"href":"https:\/\/zonaroja.com.mx\/index.php?rest_route=%2Fwp%2Fv2%2Fmedia&parent=9717"}],"wp:term":[{"taxonomy":"category","embeddable":true,"href":"https:\/\/zonaroja.com.mx\/index.php?rest_route=%2Fwp%2Fv2%2Fcategories&post=9717"},{"taxonomy":"post_tag","embeddable":true,"href":"https:\/\/zonaroja.com.mx\/index.php?rest_route=%2Fwp%2Fv2%2Ftags&post=9717"}],"curies":[{"name":"wp","href":"https:\/\/api.w.org\/{rel}","templated":true}]}}