{"id":9719,"date":"2020-03-10T21:35:15","date_gmt":"2020-03-11T03:35:15","guid":{"rendered":"http:\/\/www.zonaroja.com.mx\/?p=9719"},"modified":"2020-03-10T21:35:18","modified_gmt":"2020-03-11T03:35:18","slug":"no-toleraremos-corrupcion-ni-malos-manejos-del-erario-horacio-sosa","status":"publish","type":"post","link":"https:\/\/zonaroja.com.mx\/?p=9719","title":{"rendered":"\u201cNo toleraremos corrupci\u00f3n ni malos manejos del erario\u201d: Horacio Sosa"},"content":{"rendered":"\n<p>Redacci\u00f3n\/Zona\nRoja.<\/p>\n\n\n\n<p>Oaxaca de\nJu\u00e1rez, Oax., a 11 de marzo de 2020.- \u201cEstamos en un momento hist\u00f3rico con la\nposibilidad de establecer no s\u00f3lo una nueva \u00e9tica en el servicio p\u00fablico, sino\nde sentar las bases para que nunca m\u00e1s el dinero del pueblo sea utilizado en\nbeneficio de unos cuantos. <\/p>\n\n\n\n<p>\u201cYa no\nestamos dispuestos a tolerar m\u00e1s la corrupci\u00f3n\u201d, se\u00f1al\u00f3 el presidente de la\nJunta de Coordinaci\u00f3n Pol\u00edtica (Jucopo), Horacio Sosa Villavicencio, durante la\nfirma del convenio de colaboraci\u00f3n con el Colegio de Contadores P\u00fablicos de\nOaxaca, Asociaci\u00f3n Civil.<\/p>\n\n\n\n<p>Mediante\neste convenio signado ayer, el Congreso se comprometi\u00f3 a proponer al Colegio\nl\u00edneas de estudio y temas de proyectos de investigaci\u00f3n y capacitaci\u00f3n, para\ncoordinar acciones conjuntas en materia de \u00e9tica fiscal, auditor\u00eda, transparencia,\ny control interno. La capacitaci\u00f3n ser\u00e1 impartida al personal de la C\u00e1mara de\nDiputados.<\/p>\n\n\n\n<p>En\nconsecuencia, el Colegio de Contadores, desarrollar\u00e1 estudios e investigaciones\npara formular propuestas de reforma o adiciones al marco normativo vigente, con\nla finalidad de hacer m\u00e1s eficiente el uso del dinero p\u00fablico.<\/p>\n\n\n\n<p>\u201cAspiramos\na que \u00e9ste convenio sirva para dotar al pueblo de Oaxaca de mejores\nherramientas para combatir y eliminar la corrupci\u00f3n del servidor p\u00fablico, que\ntanto da\u00f1o ha hecho al pa\u00eds y, por supuesto, a Oaxaca\u201d, abund\u00f3.<\/p>\n\n\n\n<p>De su\nlado, la diputada Mar\u00eda de Jes\u00fas Mendoza S\u00e1nchez, presidenta de la Comisi\u00f3n\nPermanente de Acceso a la Informaci\u00f3n y Congreso Abierto, reconoci\u00f3 la voluntad\ndel Colegio de Contadores P\u00fablicos para colaborar con la Legislatura y\ncontribuir con su experiencia en el fortalecimiento de las pol\u00edticas p\u00fablicas\nque requiere la entidad.<\/p>\n\n\n\n<p>En su\noportunidad, la presidenta del Consejo Directivo del Colegio de Contadores\nP\u00fablicos, Reyna Miguel Santill\u00e1n, refiri\u00f3 que este hecho es de suma relevancia\npara compartir el conocimiento y la experiencia de ese organismo, para\ncontribuir en la actividad legislativa y en fortalecer sus \u00f3rganos de control y\nvigilancia del presupuesto estatal.<\/p>\n\n\n\n<p>Al acto,\nrealizado en el sal\u00f3n de Expresidentes del Poder Legislativo, acudieron, adem\u00e1s\ndel Consejo Directivo del Colegio de Contadores P\u00fablicos, las diputadas, Magaly\nL\u00f3pez Dom\u00ednguez, Maritza Escarlet V\u00e1squez Guerra, Delfina Elizabeth Guzm\u00e1n\nD\u00edaz, y los diputados \u00c1ngel Dom\u00ednguez Escobar, Mauro Cruz S\u00e1nchez y Oth\u00f3n\nCuevas C\u00f3rdova.<\/p>\n","protected":false},"excerpt":{"rendered":"<p>Redacci\u00f3n\/Zona Roja. Oaxaca de Ju\u00e1rez, Oax., a 11 de marzo de 2020.- \u201cEstamos en un&hellip;<\/p>\n","protected":false},"author":2,"featured_media":9720,"comment_status":"closed","ping_status":"open","sticky":false,"template":"","format":"standard","meta":{"_lmt_disableupdate":"","_lmt_disable":"","_jetpack_memberships_contains_paid_content":false,"footnotes":""},"categories":[109,46],"tags":[444],"class_list":["post-9719","post","type-post","status-publish","format-standard","has-post-thumbnail","hentry","category-minuto-a-minuto","category-zona-blanca","tag-horacio-sosa-villavicencio"],"jetpack_featured_media_url":"https:\/\/zonaroja.com.mx\/wp-content\/uploads\/2020\/03\/Horacio-Sosa-colegio-de-contadores.jpg","jetpack_sharing_enabled":true,"_links":{"self":[{"href":"https:\/\/zonaroja.com.mx\/index.php?rest_route=\/wp\/v2\/posts\/9719","targetHints":{"allow":["GET"]}}],"collection":[{"href":"https:\/\/zonaroja.com.mx\/index.php?rest_route=\/wp\/v2\/posts"}],"about":[{"href":"https:\/\/zonaroja.com.mx\/index.php?rest_route=\/wp\/v2\/types\/post"}],"author":[{"embeddable":true,"href":"https:\/\/zonaroja.com.mx\/index.php?rest_route=\/wp\/v2\/users\/2"}],"replies":[{"embeddable":true,"href":"https:\/\/zonaroja.com.mx\/index.php?rest_route=%2Fwp%2Fv2%2Fcomments&post=9719"}],"version-history":[{"count":1,"href":"https:\/\/zonaroja.com.mx\/index.php?rest_route=\/wp\/v2\/posts\/9719\/revisions"}],"predecessor-version":[{"id":9721,"href":"https:\/\/zonaroja.com.mx\/index.php?rest_route=\/wp\/v2\/posts\/9719\/revisions\/9721"}],"wp:featuredmedia":[{"embeddable":true,"href":"https:\/\/zonaroja.com.mx\/index.php?rest_route=\/wp\/v2\/media\/9720"}],"wp:attachment":[{"href":"https:\/\/zonaroja.com.mx\/index.php?rest_route=%2Fwp%2Fv2%2Fmedia&parent=9719"}],"wp:term":[{"taxonomy":"category","embeddable":true,"href":"https:\/\/zonaroja.com.mx\/index.php?rest_route=%2Fwp%2Fv2%2Fcategories&post=9719"},{"taxonomy":"post_tag","embeddable":true,"href":"https:\/\/zonaroja.com.mx\/index.php?rest_route=%2Fwp%2Fv2%2Ftags&post=9719"}],"curies":[{"name":"wp","href":"https:\/\/api.w.org\/{rel}","templated":true}]}}