{"id":9723,"date":"2020-03-10T22:08:04","date_gmt":"2020-03-11T04:08:04","guid":{"rendered":"http:\/\/www.zonaroja.com.mx\/?p=9723"},"modified":"2020-03-10T22:36:53","modified_gmt":"2020-03-11T04:36:53","slug":"periodista-acusa-al-lider-del-pri-en-oaxaca-de-amenazarla","status":"publish","type":"post","link":"https:\/\/zonaroja.com.mx\/?p=9723","title":{"rendered":"Periodista acusa al l\u00edder del PRI en Oaxaca de amenazarla"},"content":{"rendered":"\n<p>Redacci\u00f3n\/Zona\nRoja Cdmx.<\/p>\n\n\n\n<p>Oaxaca de\nJu\u00e1rez, Oax., 10 de marzo de 2020.- \u201cMaldita enferma\u201d, \u201cHay que saludarla\u2026\nbien\u201d, fue la amenaza que le mand\u00f3 el dirigente estatal del PRI en Oaxaca,\nJorge Gonz\u00e1lez Ilescas, a la periodista Mar\u00eda de los \u00c1ngeles Niv\u00f3n.<\/p>\n\n\n\n<p>De\nacuerdo con una nota informativa de la agencia Proceso, firmada por Pedro\nMat\u00edas, la amenaza se dio minutos despu\u00e9s de que la periodista public\u00f3 en su\ncolumna \u201cPrimera L\u00ednea\u201d una denuncia de acoso sexual en los planteles del\nColegio de Bachilleres de Oaxaca (Cobao), cuyo director general es su hijo,\nRodrigo Gonz\u00e1lez Ilescas, se\u00f1alado de ser omiso ante una serie de denuncias.<\/p>\n\n\n\n<p>Ante la\ngravedad del caso, la periodista present\u00f3 una queja en la Defensor\u00eda de los\nDerechos Humanos del Pueblo de Oaxaca (DDHPO\/CA\/106\/(01)\/OAX\/2020), misma que\ndecidi\u00f3 emitir medidas cautelares para que se act\u00fae y se garantice su seguridad\npersonal.<\/p>\n\n\n\n<p>Proceso\na\u00f1ade que la amenaza se dio justo dos d\u00edas antes de que se conmemorara el D\u00eda\nInternacional de la Mujer y provino de Jorge Gonz\u00e1lez Ilescas, presidente del\nComit\u00e9 Directivo Estatal del PRI y padre del director general del Colegio de\nBachilleres de Oaxaca, Rodrigo Gonz\u00e1lez Ilescas.<\/p>\n\n\n\n<p>EL CHAT<\/p>\n\n\n\n<p>Niv\u00f3n\nrelat\u00f3 que su columna siempre la comparte en las redes sociales y en un chat de\nWhatsApp la env\u00eda a una lista de contactos. Dentro de ellos est\u00e1 Jorge Gonz\u00e1lez\nIlescas.<\/p>\n\n\n\n<p>\u201cEl\npasado viernes 6 de marzo publicamos la columna, como es costumbre a las 6:00\nde la ma\u00f1ana, y a las 7:30 se la envi\u00e9 al l\u00edder del PRI, como lo he hecho\nsiempre al igual que a otras personas desde mi n\u00famero celular. Casi de\ninmediato, a las 7:39 am, me envi\u00f3 el mensaje: \u2018Maldita enferma, hay que\nsaludarla\u2026 bien\u2019\u201d.<\/p>\n\n\n\n<p>\u201cNo le contest\u00e9, pero s\u00ed le tom\u00e9 captura de\npantalla. A las 8:40 el l\u00edder estatal del PRI borr\u00f3 los mensajes y ah\u00ed s\u00ed le\nrespond\u00ed: \u2018Para que lo borras, la captura ya la tengo\u2019, \u2018es una amenaza y as\u00ed\nla tomo\u2019\u201d, puntualiz\u00f3.<\/p>\n\n\n\n<p>La\nrespuesta fue: \u201cNo amiga, es de otra cosa, nunca lo har\u00eda contigo, pese a que\nnos tratas como si nos odiaras\u201d.<\/p>\n\n\n\n<p>\u201cYo no\ntengo odios Jorge y lo sabes\u201d, le refut\u00f3 de inmediato.<\/p>\n\n\n\n<p>Y a ello\ncontest\u00f3: \u201cY nosotros te respetamos\u201d, \u201cTampoco yo\u201d<\/p>\n\n\n\n<p>Y sali\u00f3\nel tema del Cobao: \u201cCuando se tiene que cuestionar un tema se hace no se puede\nquedar callados y lo del Cobao se tiene que investigar\u201d, le encar\u00f3 la\nreportera:<\/p>\n\n\n\n<p>\u201cS\u00ed\namiga, pero tambi\u00e9n hay cosas positivas y esfuerzos en el \u00e1nimo de mejorar las\ncosas\u201d, \u201cen eso est\u00e1 el director\u2026pero hay esfuerzos en el \u00e1nimo de mejorar\u201d.\n\u201cOjal\u00e1 y permitas que te den la informaci\u00f3n\u201d, \u201cy en el PRI ya va haber cambio\nde dirigencias\u2026tambi\u00e9n en el \u00e1nimo de fortalecer y mejorar\u201d. \u201cMi respeto y\naprecio, abrazo\u201d, cerr\u00f3 su respuesta.<\/p>\n\n\n\n<p>De acuerdo con la informaci\u00f3n de Proceso, en la\ncolumna, la periodista da a conocer documentos, capturas de pantalla y audios\nde denuncias de alumnas del Cobao de Putla Villa de Guerrero, en el cual narran\nel acoso que sufrieron y confirman que todo lo publicado es cierto.<\/p>\n\n\n\n<p>\u201cPor eso indignan las reacciones virulentas de\npersonajes como el priista Jorge Gonz\u00e1lez Ilescas, que en lugar de admitir\nfallas y hablar con su hijo para corregirlas, acude a la amenaza, como si las y\nlos periodistas fu\u00e9ramos culpables de los errores y omisiones que cometen en el\nejercicio p\u00fablico de sus funciones, en sus responsabilidades\u201d, finaliz\u00f3.<\/p>\n","protected":false},"excerpt":{"rendered":"<p>Redacci\u00f3n\/Zona Roja Cdmx. Oaxaca de Ju\u00e1rez, Oax., 10 de marzo de 2020.- \u201cMaldita enferma\u201d, \u201cHay&hellip;<\/p>\n","protected":false},"author":2,"featured_media":9727,"comment_status":"closed","ping_status":"open","sticky":false,"template":"","format":"standard","meta":{"_lmt_disableupdate":"","_lmt_disable":"","_jetpack_memberships_contains_paid_content":false,"footnotes":""},"categories":[109,47],"tags":[1487],"class_list":["post-9723","post","type-post","status-publish","format-standard","has-post-thumbnail","hentry","category-minuto-a-minuto","category-zona-gris","tag-jorge-gonzalez-ilescas"],"jetpack_featured_media_url":"https:\/\/zonaroja.com.mx\/wp-content\/uploads\/2020\/03\/img_8858.jpg","jetpack_sharing_enabled":true,"_links":{"self":[{"href":"https:\/\/zonaroja.com.mx\/index.php?rest_route=\/wp\/v2\/posts\/9723","targetHints":{"allow":["GET"]}}],"collection":[{"href":"https:\/\/zonaroja.com.mx\/index.php?rest_route=\/wp\/v2\/posts"}],"about":[{"href":"https:\/\/zonaroja.com.mx\/index.php?rest_route=\/wp\/v2\/types\/post"}],"author":[{"embeddable":true,"href":"https:\/\/zonaroja.com.mx\/index.php?rest_route=\/wp\/v2\/users\/2"}],"replies":[{"embeddable":true,"href":"https:\/\/zonaroja.com.mx\/index.php?rest_route=%2Fwp%2Fv2%2Fcomments&post=9723"}],"version-history":[{"count":1,"href":"https:\/\/zonaroja.com.mx\/index.php?rest_route=\/wp\/v2\/posts\/9723\/revisions"}],"predecessor-version":[{"id":9724,"href":"https:\/\/zonaroja.com.mx\/index.php?rest_route=\/wp\/v2\/posts\/9723\/revisions\/9724"}],"wp:featuredmedia":[{"embeddable":true,"href":"https:\/\/zonaroja.com.mx\/index.php?rest_route=\/wp\/v2\/media\/9727"}],"wp:attachment":[{"href":"https:\/\/zonaroja.com.mx\/index.php?rest_route=%2Fwp%2Fv2%2Fmedia&parent=9723"}],"wp:term":[{"taxonomy":"category","embeddable":true,"href":"https:\/\/zonaroja.com.mx\/index.php?rest_route=%2Fwp%2Fv2%2Fcategories&post=9723"},{"taxonomy":"post_tag","embeddable":true,"href":"https:\/\/zonaroja.com.mx\/index.php?rest_route=%2Fwp%2Fv2%2Ftags&post=9723"}],"curies":[{"name":"wp","href":"https:\/\/api.w.org\/{rel}","templated":true}]}}