{"id":9725,"date":"2020-03-10T22:21:12","date_gmt":"2020-03-11T04:21:12","guid":{"rendered":"http:\/\/www.zonaroja.com.mx\/?p=9725"},"modified":"2020-03-10T22:46:48","modified_gmt":"2020-03-11T04:46:48","slug":"tres-muertos-y-un-herido-de-bala-en-ultimas-horas-en-oaxaca","status":"publish","type":"post","link":"https:\/\/zonaroja.com.mx\/?p=9725","title":{"rendered":"Tres muertos y un herido de bala, en \u00faltimas horas en Oaxaca"},"content":{"rendered":"\n<p>Redacci\u00f3n\/Zona\nRoja.<\/p>\n\n\n\n<p>Oaxaca de\nJu\u00e1rez, Oax., 10 de marzo de 2020.- Tres personas han perdido la vida por\ndisparos de arma de fuego y una m\u00e1s result\u00f3 lesionada, en las regiones Costa,\nIstmo y Valles Centrales.<\/p>\n\n\n\n<p>Adem\u00e1s,\nde las dos v\u00edctimas torturadas y calcinadas ayer en Santa Mar\u00eda Atzompa, una de\nellas era mujer, a\u00fan no identificada, mientras que el var\u00f3n respondi\u00f3 en vida\nal nombre de Hugo Noel Hern\u00e1ndez Guti\u00e9rrez, de 27 a\u00f1os de edad.<\/p>\n\n\n\n<p>De los\nhechos acontecidos hoy, en la tarde fue hallado el cuerpo de una persona del\nsexo masculino, ultimada a balazos, en el paraje \u201cLa Ca\u00f1ada\u201d, de San Gabriel\nMixtepec, municipio de la regi\u00f3n de la Costa.<\/p>\n\n\n\n<p>Fue\nidentificado de manera preliminar como V\u00edctor Hern\u00e1ndez, de 50 a\u00f1os de edad, y\na\u00fan se desconocen las causas por las cuales fue asesinado.<\/p>\n\n\n\n<p>Este\nmartes tambi\u00e9n se report\u00f3 la muerte de Rafael D. C., de 28 a\u00f1os de edad,\natacado a balazos el d\u00eda anterior en Juchit\u00e1n de Zaragoza.<\/p>\n\n\n\n<p>La\nagresi\u00f3n armada ocurri\u00f3 alrededor de las 05:00 horas a un costado de la\ncarretera Trans\u00edstimica, cerca de un plantel de educaci\u00f3n superior; fue llevado\nal hospital \u201cDr. Macedonio Ben\u00edtez Fuentes\u201d, donde finalmente perdi\u00f3 la vida.<\/p>\n\n\n\n<p>En tanto,\nanoche fue ejecutado a balazos un sujeto identificado como Juan C. R., en la\nagencia de R\u00edo Grande, perteneciente al municipio de Villa de Tututepec, en la\nregi\u00f3n Costa.<\/p>\n\n\n\n<p>El crimen\nse perpetr\u00f3 alrededor de las 19:40 horas y s\u00f3lo se sabe que el individuo era\noriginario de Puerto Escondido, San Pedro Mixtepec.<\/p>\n\n\n\n<p>Mientras\ntanto, anoche fue atacado a balazos un individuo, cerca de la gasoliner\u00eda\nubicada en Cuil\u00e1pam de Guerrero, municipio de la regi\u00f3n Valles Centrales de\nOaxaca.<\/p>\n\n\n\n<p>El hombre\nquien dijo llamarse Misael Alonso, de 31 a\u00f1os de edad, fue trasladado al Hospital\nCivil y lo reportan actualmente delicado de salud.<\/p>\n","protected":false},"excerpt":{"rendered":"<p>Redacci\u00f3n\/Zona Roja. Oaxaca de Ju\u00e1rez, Oax., 10 de marzo de 2020.- Tres personas han perdido&hellip;<\/p>\n","protected":false},"author":2,"featured_media":9728,"comment_status":"closed","ping_status":"open","sticky":false,"template":"","format":"standard","meta":{"_lmt_disableupdate":"","_lmt_disable":"","_jetpack_memberships_contains_paid_content":false,"footnotes":""},"categories":[109,51],"tags":[],"class_list":["post-9725","post","type-post","status-publish","format-standard","has-post-thumbnail","hentry","category-minuto-a-minuto","category-zona-roja"],"jetpack_featured_media_url":"https:\/\/zonaroja.com.mx\/wp-content\/uploads\/2020\/03\/f34d97b7-af18-4933-bd70-df15dbb4981e.jpg","jetpack_sharing_enabled":true,"_links":{"self":[{"href":"https:\/\/zonaroja.com.mx\/index.php?rest_route=\/wp\/v2\/posts\/9725","targetHints":{"allow":["GET"]}}],"collection":[{"href":"https:\/\/zonaroja.com.mx\/index.php?rest_route=\/wp\/v2\/posts"}],"about":[{"href":"https:\/\/zonaroja.com.mx\/index.php?rest_route=\/wp\/v2\/types\/post"}],"author":[{"embeddable":true,"href":"https:\/\/zonaroja.com.mx\/index.php?rest_route=\/wp\/v2\/users\/2"}],"replies":[{"embeddable":true,"href":"https:\/\/zonaroja.com.mx\/index.php?rest_route=%2Fwp%2Fv2%2Fcomments&post=9725"}],"version-history":[{"count":1,"href":"https:\/\/zonaroja.com.mx\/index.php?rest_route=\/wp\/v2\/posts\/9725\/revisions"}],"predecessor-version":[{"id":9726,"href":"https:\/\/zonaroja.com.mx\/index.php?rest_route=\/wp\/v2\/posts\/9725\/revisions\/9726"}],"wp:featuredmedia":[{"embeddable":true,"href":"https:\/\/zonaroja.com.mx\/index.php?rest_route=\/wp\/v2\/media\/9728"}],"wp:attachment":[{"href":"https:\/\/zonaroja.com.mx\/index.php?rest_route=%2Fwp%2Fv2%2Fmedia&parent=9725"}],"wp:term":[{"taxonomy":"category","embeddable":true,"href":"https:\/\/zonaroja.com.mx\/index.php?rest_route=%2Fwp%2Fv2%2Fcategories&post=9725"},{"taxonomy":"post_tag","embeddable":true,"href":"https:\/\/zonaroja.com.mx\/index.php?rest_route=%2Fwp%2Fv2%2Ftags&post=9725"}],"curies":[{"name":"wp","href":"https:\/\/api.w.org\/{rel}","templated":true}]}}