{"id":9732,"date":"2020-03-11T07:29:26","date_gmt":"2020-03-11T13:29:26","guid":{"rendered":"http:\/\/www.zonaroja.com.mx\/?p=9732"},"modified":"2020-03-11T07:29:29","modified_gmt":"2020-03-11T13:29:29","slug":"choque-de-trenes-en-metro-de-cdmx-deja-un-muerto-y-41-heridos","status":"publish","type":"post","link":"https:\/\/zonaroja.com.mx\/?p=9732","title":{"rendered":"Choque de trenes en Metro de Cdmx deja un muerto y 41 heridos"},"content":{"rendered":"\n<p>Zona Roja Cdmx.<\/p>\n\n\n\n<p>Ciudad de M\u00e9xico, 11 de marzo de 2020.-\nUna persona fallecida y 41 m\u00e1s lesionadas es saldo del choque de trenes de la\nL\u00ednea 1 del Metro, en la estaci\u00f3n Tacubaya de la Ciudad de M\u00e9xico.<\/p>\n\n\n\n<p>El percance ocurri\u00f3 minutos antes de la\nmedia noche cuando los trenes viajaban con direcci\u00f3n a la estaci\u00f3n terminal\nObservatorio, y uno de ellos, el marcado con el n\u00famero 33, se impact\u00f3 con la\nparte trasera del 38, que al parecer apenas iniciaba su trayecto.<\/p>\n\n\n\n<p>Tras ello arribaron cuerpos de rescate,\naunque quienes iniciaron la labor fueron los propios pasajeros auxiliados por\nlos polic\u00edas de la estaci\u00f3n, que trataban de abrir las puertas de los vagones\npara sacar a quienes se hallaban atrapados.<\/p>\n\n\n\n<p>En pocos minutos, sobre el and\u00e9n de la\nestaci\u00f3n se empezaron a colocar los cuerpos de quienes sufrieron alguna lesi\u00f3n\npara esperar la llegada de los servicios de emergencia. <\/p>\n\n\n\n<p>Al lugar arribaron 30 ambulancias que\ntrasladaron a los heridos a los hospitales Durango y \u00c1lvaro Obreg\u00f3n, en la\ncolonia Roma.<\/p>\n\n\n\n<p>La avenida Jalisco fue cerrada al\ntr\u00e1nsito para permitir las labores de los rescatistas, y poco despu\u00e9s de\ncumplida la primera hora de este mi\u00e9rcoles, la jefa de Gobierno, Claudia\nSheinbaum, y la secretaria de Gobierno, Rosa Icela Rodr\u00edguez, llegaron al\nlugar. <\/p>\n\n\n\n<p>La mandataria hizo saber por medio de\nlas redes sociales de su traslado a la estaci\u00f3n Tacubaya.<\/p>\n\n\n\n<p>Al cierre de la edici\u00f3n no se ten\u00edan\ndatos de las causas del percance; las autoridades del Sistema de Transporte\nColectivo a\u00fan investigaban si se trat\u00f3 de una falla mec\u00e1nica o humana. Los\nconductores de los dos convoyes fueron hospitalizados. Su condici\u00f3n de salud no\nfue dada a conocer.<\/p>\n\n\n\n<p>(Con informaci\u00f3n de \u201cLa Jornada\u201d)<\/p>\n","protected":false},"excerpt":{"rendered":"<p>Zona Roja Cdmx. Ciudad de M\u00e9xico, 11 de marzo de 2020.- Una persona fallecida y&hellip;<\/p>\n","protected":false},"author":2,"featured_media":9733,"comment_status":"closed","ping_status":"open","sticky":false,"template":"","format":"standard","meta":{"_lmt_disableupdate":"","_lmt_disable":"","_jetpack_memberships_contains_paid_content":false,"footnotes":""},"categories":[109,51],"tags":[1488],"class_list":["post-9732","post","type-post","status-publish","format-standard","has-post-thumbnail","hentry","category-minuto-a-minuto","category-zona-roja","tag-choque-metro-ciudad-de-mexico"],"jetpack_featured_media_url":"https:\/\/zonaroja.com.mx\/wp-content\/uploads\/2020\/03\/Choque-Metro.jpg","jetpack_sharing_enabled":true,"_links":{"self":[{"href":"https:\/\/zonaroja.com.mx\/index.php?rest_route=\/wp\/v2\/posts\/9732","targetHints":{"allow":["GET"]}}],"collection":[{"href":"https:\/\/zonaroja.com.mx\/index.php?rest_route=\/wp\/v2\/posts"}],"about":[{"href":"https:\/\/zonaroja.com.mx\/index.php?rest_route=\/wp\/v2\/types\/post"}],"author":[{"embeddable":true,"href":"https:\/\/zonaroja.com.mx\/index.php?rest_route=\/wp\/v2\/users\/2"}],"replies":[{"embeddable":true,"href":"https:\/\/zonaroja.com.mx\/index.php?rest_route=%2Fwp%2Fv2%2Fcomments&post=9732"}],"version-history":[{"count":1,"href":"https:\/\/zonaroja.com.mx\/index.php?rest_route=\/wp\/v2\/posts\/9732\/revisions"}],"predecessor-version":[{"id":9734,"href":"https:\/\/zonaroja.com.mx\/index.php?rest_route=\/wp\/v2\/posts\/9732\/revisions\/9734"}],"wp:featuredmedia":[{"embeddable":true,"href":"https:\/\/zonaroja.com.mx\/index.php?rest_route=\/wp\/v2\/media\/9733"}],"wp:attachment":[{"href":"https:\/\/zonaroja.com.mx\/index.php?rest_route=%2Fwp%2Fv2%2Fmedia&parent=9732"}],"wp:term":[{"taxonomy":"category","embeddable":true,"href":"https:\/\/zonaroja.com.mx\/index.php?rest_route=%2Fwp%2Fv2%2Fcategories&post=9732"},{"taxonomy":"post_tag","embeddable":true,"href":"https:\/\/zonaroja.com.mx\/index.php?rest_route=%2Fwp%2Fv2%2Ftags&post=9732"}],"curies":[{"name":"wp","href":"https:\/\/api.w.org\/{rel}","templated":true}]}}