{"id":9747,"date":"2020-03-11T14:36:36","date_gmt":"2020-03-11T20:36:36","guid":{"rendered":"https:\/\/www.zonaroja.com.mx\/?p=9747"},"modified":"2020-03-11T14:50:11","modified_gmt":"2020-03-11T20:50:11","slug":"9747","status":"publish","type":"post","link":"https:\/\/zonaroja.com.mx\/?p=9747","title":{"rendered":"Integra Murat a prima de Pe\u00f1a Nieto a su gabinete; mexiquenses siguen gobernando\u00a0"},"content":{"rendered":"\n<p class=\"MsoNormal\">Yuridiana Sosa\/Zona Roja<\/p>\n\n\n\n<p class=\"MsoNormal\">Oaxaca de Ju\u00e1rez, Oax., 11 de marzo de 2020.- En los nuevos movimientos de funcionarios del gobierno estatal de Oaxaca, permanecen los enraizados activistas pol\u00edticos del PRI, locales y for\u00e1neos; nombrados&nbsp;<a href=\"\/\/1\">este martes<\/a>&nbsp;por el gobernador Alejandro Murat.&nbsp;<\/p>\n\n\n\n<p class=\"MsoNormal\">En los cambios se privilegi\u00f3 la presencia de Carolina Monroy del Mazo para fungir como Jefa de la Oficina de la gubernatura.&nbsp;<\/p>\n\n\n\n<p class=\"MsoNormal\">La originaria del Estado de M\u00e9xico se integr\u00f3 bajo reservados protocolos al gabinete de Murat Hinojoza en marzo del 2019 como Secretaria T\u00e9cnica del gobierno.<\/p>\n\n\n\n<p class=\"MsoNormal\">Monroy del Mazo es prima del ex presidente de M\u00e9xico, Enrique Pe\u00f1a Nieto, y del gobernador del Estado de M\u00e9xico, Alfredo del Mazo Maza.<\/p>\n\n\n\n<p>Recientemente se difundi\u00f3 una fotograf\u00eda en que posa con el ex diputado local Juan Antonio Vera Carrizal, pr\u00f3fugo de la justicia y acusado por la Fiscal\u00eda General del Estado de ser el agresor intelectual hacia la joven Mar\u00eda Elena. <\/p>\n\n\n\n<p class=\"MsoNormal\">La nueva servidora p\u00fablica para Oaxaca es ex presidenta municipal de Metepec, Estado de M\u00e9xico, por el Partido Revolucionario Institucional; tambi\u00e9n fungi\u00f3 como diputada federal del partido tricolor y como secretaria nacional de ese partido.<\/p>\n\n\n\n<p class=\"MsoNormal\">A la Coordinaci\u00f3n General del Comit\u00e9 Estatal de Planeaci\u00f3n para el Desarrollo de Oaxaca lleg\u00f3 Jorge Toledo Luis, quien fue uno de los brazos derechos del ex gobernador Ulises Ruiz Ortiz. Fungi\u00f3 a partir del 2009 como Secretario General de Gobierno del priista.<\/p>\n\n\n\n<p class=\"MsoNormal\">En el curr\u00edculum de Toledo Luis se encuentra la diputaci\u00f3n federal y senador sin resultados destacados, al igual que sus funciones como titular de la Comisi\u00f3n para el Desarrollo de los Pueblos Ind\u00edgenas (CDI), en la que destacaron las incontables denuncias de desatenci\u00f3n y presuntos malos manejos de los recursos p\u00fablicos.<\/p>\n\n\n\n<p class=\"MsoNormal\">Javier Lazcano Vargas, ex titular de Coplade tom\u00f3 el cargo de la Secretar\u00eda de las Infraestructuras y el Ordenamiento Territorial Sustentable (Sinfra).&nbsp;<\/p>\n\n\n\n<p class=\"MsoNormal\">El Maestro en Administraci\u00f3n y Direcci\u00f3n de Empresas fungi\u00f3 anteriormente como director General del Centro de la Secretar\u00eda de Comunicaciones y Transportes, y jefatura de la gubernatura de Oaxaca.<\/p>\n\n\n\n<p class=\"MsoNormal\">En la Secretar\u00eda de las Culturas y Artes de Oaxaca nuevamente se registraron cambios, el tercero en lo que va del sexenio. En el cargo fue nombrada Karla Villaca\u00f1a Quevedo, quien es la tercera mujer en tomar la titularidad.<\/p>\n\n\n\n<p class=\"MsoNormal\">La Seculta inici\u00f3 el gobierno de Murat bajo la titularidad de Ana V\u00e1zquez Colmenares. A su salida fue nombrado como encargado Ignacio Antonio Toscano Jarqu\u00edn, para despu\u00e9s tomar formalmente el cargo Adriana Aguilar, a quien sustituye Karla Villaca\u00f1a.<\/p>\n\n\n\n<p class=\"MsoNormal\">Villaca\u00f1a Quevedo, hija del Secretario de Administraci\u00f3n Javier Villaca\u00f1a, es ex subsecretaria de Desarrollo Social y Humano (Sedesoh) y tambi\u00e9n ex regidora de Cultura y Espect\u00e1culo en la capital oaxaque\u00f1a.<\/p>\n","protected":false},"excerpt":{"rendered":"<p>Yuridiana Sosa\/Zona Roja Oaxaca de Ju\u00e1rez, Oax., 11 de marzo de 2020.- En los nuevos&hellip;<\/p>\n","protected":false},"author":2,"featured_media":9746,"comment_status":"closed","ping_status":"open","sticky":false,"template":"","format":"standard","meta":{"_lmt_disableupdate":"","_lmt_disable":"","_jetpack_memberships_contains_paid_content":false,"footnotes":""},"categories":[109,47],"tags":[],"class_list":["post-9747","post","type-post","status-publish","format-standard","has-post-thumbnail","hentry","category-minuto-a-minuto","category-zona-gris"],"jetpack_featured_media_url":"https:\/\/zonaroja.com.mx\/wp-content\/uploads\/2020\/03\/img_8835.jpg","jetpack_sharing_enabled":true,"_links":{"self":[{"href":"https:\/\/zonaroja.com.mx\/index.php?rest_route=\/wp\/v2\/posts\/9747","targetHints":{"allow":["GET"]}}],"collection":[{"href":"https:\/\/zonaroja.com.mx\/index.php?rest_route=\/wp\/v2\/posts"}],"about":[{"href":"https:\/\/zonaroja.com.mx\/index.php?rest_route=\/wp\/v2\/types\/post"}],"author":[{"embeddable":true,"href":"https:\/\/zonaroja.com.mx\/index.php?rest_route=\/wp\/v2\/users\/2"}],"replies":[{"embeddable":true,"href":"https:\/\/zonaroja.com.mx\/index.php?rest_route=%2Fwp%2Fv2%2Fcomments&post=9747"}],"version-history":[{"count":2,"href":"https:\/\/zonaroja.com.mx\/index.php?rest_route=\/wp\/v2\/posts\/9747\/revisions"}],"predecessor-version":[{"id":9749,"href":"https:\/\/zonaroja.com.mx\/index.php?rest_route=\/wp\/v2\/posts\/9747\/revisions\/9749"}],"wp:featuredmedia":[{"embeddable":true,"href":"https:\/\/zonaroja.com.mx\/index.php?rest_route=\/wp\/v2\/media\/9746"}],"wp:attachment":[{"href":"https:\/\/zonaroja.com.mx\/index.php?rest_route=%2Fwp%2Fv2%2Fmedia&parent=9747"}],"wp:term":[{"taxonomy":"category","embeddable":true,"href":"https:\/\/zonaroja.com.mx\/index.php?rest_route=%2Fwp%2Fv2%2Fcategories&post=9747"},{"taxonomy":"post_tag","embeddable":true,"href":"https:\/\/zonaroja.com.mx\/index.php?rest_route=%2Fwp%2Fv2%2Ftags&post=9747"}],"curies":[{"name":"wp","href":"https:\/\/api.w.org\/{rel}","templated":true}]}}