{"id":9754,"date":"2020-03-11T17:37:29","date_gmt":"2020-03-11T23:37:29","guid":{"rendered":"http:\/\/www.zonaroja.com.mx\/?p=9754"},"modified":"2020-03-11T19:34:49","modified_gmt":"2020-03-12T01:34:49","slug":"en-oaxaca-alerta-de-genero-de-papel-van-187-feminicidios-tras-declaratoria","status":"publish","type":"post","link":"https:\/\/zonaroja.com.mx\/?p=9754","title":{"rendered":"En Oaxaca, Alerta de G\u00e9nero de \u201cpapel\u201d; van 187 feminicidios tras declaratoria"},"content":{"rendered":"\n<p>Yuridiana Sosa\/Zona Roja.<\/p>\n\n\n\n<p>Oaxaca de Ju\u00e1rez, Oax., 11 de mayo de\n2020.- En lo que va del a\u00f1o, 24 mujeres en la entidad fueron asesinadas, lo que\nrepresenta un promedio del 13 por ciento de los 187 feminicidios ocurridos tras\nla Alerta de Violencia de G\u00e9nero para la entidad.<\/p>\n\n\n\n<p>La plataforma virtual \u201cViolencia\nFeminicida en Oaxaca\u201d, de la asociaci\u00f3n Consorcio para el Di\u00e1logo Parlamentario\ny la Equidad Oaxaca, detalla que la regi\u00f3n de Valles Centrales y la del Istmo\nencabezan las zonas m\u00e1s violentas para las mujeres en los \u00faltimos tres a\u00f1os,\ncuando se han registrado 405 feminicidios.<\/p>\n\n\n\n<p>De diciembre de 2016 al 10 de marzo de\n2020, en cada una de las regiones de Valles Centrales y el Istmo, 84 mujeres\nfueron asesinadas. Ambos lugares tambi\u00e9n encabezan las incidencias de\ndesaparici\u00f3n de mujeres, con 402 y 82 casos respectivamente.<\/p>\n\n\n\n<p>De acuerdo con las estad\u00edsticas de la\nasociaci\u00f3n defensora de los derechos de la mujer, la regi\u00f3n Costa es la segunda\nzona m\u00e1s peligrosa para las mujeres, al registrar 70 feminicidios, seguida de\nla Cuenca del Papaloapan con 64 asesinatos y donde adem\u00e1s se contabiliza un\ntotal de 63 reportes de mujeres no localizadas.<\/p>\n\n\n\n<p>A nivel estatal, recalca el estudio, el\nincremento de mujeres desaparecidas alcanza a menores de edad de 13 a\u00f1os, por\nlo que las edades promedio de las v\u00edctimas oscilan entre los 13 y 26 a\u00f1os de\nedad.<\/p>\n\n\n\n<p>La asociaci\u00f3n advirti\u00f3 que en el\nescenario social la desaparici\u00f3n y la violencia feminicida est\u00e1n estrechamente\nvinculados, sin desechar que en los \u00faltimos a\u00f1os el feminicidio con disparos de\narma de fuego va en aumento.<\/p>\n\n\n\n<p>Consorcio para el Di\u00e1logo Oaxaca indic\u00f3\nque durante el actual sexenio se han cometido m\u00e1s delitos contra la vida de las\nmujeres que en el anterior.<\/p>\n\n\n\n<p>En un comparativo con el mismo periodo\nde 39 meses y 6 d\u00edas, se constat\u00f3 que en el gobierno de Alejandro Murat ha\nhabido un incremento en el n\u00famero de feminicidios que pas\u00f3 de 390 (con Gabino\nCu\u00e9) a 404 mujeres asesinadas y de 137 desaparecidas a 716.<\/p>\n","protected":false},"excerpt":{"rendered":"<p>Yuridiana Sosa\/Zona Roja. Oaxaca de Ju\u00e1rez, Oax., 11 de mayo de 2020.- En lo que&hellip;<\/p>\n","protected":false},"author":2,"featured_media":9755,"comment_status":"closed","ping_status":"open","sticky":false,"template":"","format":"standard","meta":{"_lmt_disableupdate":"","_lmt_disable":"","_jetpack_memberships_contains_paid_content":false,"footnotes":""},"categories":[109,51],"tags":[610],"class_list":["post-9754","post","type-post","status-publish","format-standard","has-post-thumbnail","hentry","category-minuto-a-minuto","category-zona-roja","tag-feminicidios-oaxaca"],"jetpack_featured_media_url":"https:\/\/zonaroja.com.mx\/wp-content\/uploads\/2020\/03\/Feminicidios-Oaxaa.png","jetpack_sharing_enabled":true,"_links":{"self":[{"href":"https:\/\/zonaroja.com.mx\/index.php?rest_route=\/wp\/v2\/posts\/9754","targetHints":{"allow":["GET"]}}],"collection":[{"href":"https:\/\/zonaroja.com.mx\/index.php?rest_route=\/wp\/v2\/posts"}],"about":[{"href":"https:\/\/zonaroja.com.mx\/index.php?rest_route=\/wp\/v2\/types\/post"}],"author":[{"embeddable":true,"href":"https:\/\/zonaroja.com.mx\/index.php?rest_route=\/wp\/v2\/users\/2"}],"replies":[{"embeddable":true,"href":"https:\/\/zonaroja.com.mx\/index.php?rest_route=%2Fwp%2Fv2%2Fcomments&post=9754"}],"version-history":[{"count":2,"href":"https:\/\/zonaroja.com.mx\/index.php?rest_route=\/wp\/v2\/posts\/9754\/revisions"}],"predecessor-version":[{"id":9760,"href":"https:\/\/zonaroja.com.mx\/index.php?rest_route=\/wp\/v2\/posts\/9754\/revisions\/9760"}],"wp:featuredmedia":[{"embeddable":true,"href":"https:\/\/zonaroja.com.mx\/index.php?rest_route=\/wp\/v2\/media\/9755"}],"wp:attachment":[{"href":"https:\/\/zonaroja.com.mx\/index.php?rest_route=%2Fwp%2Fv2%2Fmedia&parent=9754"}],"wp:term":[{"taxonomy":"category","embeddable":true,"href":"https:\/\/zonaroja.com.mx\/index.php?rest_route=%2Fwp%2Fv2%2Fcategories&post=9754"},{"taxonomy":"post_tag","embeddable":true,"href":"https:\/\/zonaroja.com.mx\/index.php?rest_route=%2Fwp%2Fv2%2Ftags&post=9754"}],"curies":[{"name":"wp","href":"https:\/\/api.w.org\/{rel}","templated":true}]}}