{"id":9761,"date":"2020-03-11T20:18:08","date_gmt":"2020-03-12T02:18:08","guid":{"rendered":"http:\/\/www.zonaroja.com.mx\/?p=9761"},"modified":"2020-03-11T20:18:11","modified_gmt":"2020-03-12T02:18:11","slug":"el-coronavirus-ya-es-pandemia-oms-aumenta-a-12-casos-los-en-mexico","status":"publish","type":"post","link":"https:\/\/zonaroja.com.mx\/?p=9761","title":{"rendered":"El coronavirus ya es pandemia: OMS; aumenta a 12 casos los en M\u00e9xico"},"content":{"rendered":"\n<p>Redacci\u00f3n\/Zona Roja Cdmx.<\/p>\n\n\n\n<p>Ciudad de M\u00e9xico, 11 de marzo de 2020.-\nMientras la Organizaci\u00f3n Mundial de la Salud (OMS) declar\u00f3 hoy al coronavirus\ncomo pandemia mundial, en M\u00e9xico aumentaron a 12 los casos de personas\nconfirmadas con dicho padecimiento.<\/p>\n\n\n\n<p>Despu\u00e9s de identificar 118 mil casos en\nel mundo, ubicados en 114 pa\u00edses y cuatro mil 291 personas fallecidas a causa\nde esta enfermedad, la OMS tom\u00f3 la determinaci\u00f3n de declarar una alerta\nmundial.<\/p>\n\n\n\n<p>Advirti\u00f3 que denominarla de esta manera\nno significa que se deba tomar como una derrota global, por lo que el mal uso\nde esta denominaci\u00f3n podr\u00eda generar miedo irracional. Durante la rueda de\nprensa, de las m\u00e1ximas autoridades del organismo, reiteraron que la lucha\ncontin\u00faa.<\/p>\n\n\n\n<p>Llamaron a los pa\u00edses a tomar medidas\npara controlar los contagios con estrategias urgentes y agresivas, pues en caso\nde aumentar el n\u00famero de pacientes infectados podr\u00eda implicar un duro ataque a\nlos sistemas de salud de aquellos que tienen o tengan pacientes identificados.<\/p>\n\n\n\n<p>CRECEN EN M\u00c9XICO<\/p>\n\n\n\n<p>La Secretar\u00eda de Salud federal dio a\nconocer hoy cinco nuevos casos confirmados de coronavirus, con lo que suman 11.\nEstos se presentaron en Quer\u00e9taro, dos m\u00e1s en la Ciudad de M\u00e9xico, otro en el\nEstado de M\u00e9xico y uno m\u00e1s en Nuevo Le\u00f3n.<\/p>\n\n\n\n<p>El director de Epidemiolog\u00eda de la\ndependencia federal, Jos\u00e9 Luis Alom\u00eda, destac\u00f3 hoy que a nivel internacional,\nya se han confirmado tambi\u00e9n casos en Jamaica, Bolivia y Cuba.<\/p>\n\n\n\n<p>EU FRENA VUELOS<\/p>\n\n\n\n<p>Mientras tanto, el Presidente de los\nEstados Unidos de Norteam\u00e9rica, Donald Trump, decret\u00f3 hoy el cierre de sus\naeropuertos a vuelos que provengan de Europa.<\/p>\n\n\n\n<p>Inform\u00f3 que ser\u00e1 por el lapso de 30\nd\u00edas, con el prop\u00f3sito de contener las infecciones.<\/p>\n","protected":false},"excerpt":{"rendered":"<p>Redacci\u00f3n\/Zona Roja Cdmx. Ciudad de M\u00e9xico, 11 de marzo de 2020.- Mientras la Organizaci\u00f3n Mundial&hellip;<\/p>\n","protected":false},"author":2,"featured_media":9762,"comment_status":"closed","ping_status":"open","sticky":false,"template":"","format":"standard","meta":{"_lmt_disableupdate":"","_lmt_disable":"","_jetpack_memberships_contains_paid_content":false,"footnotes":""},"categories":[109,47],"tags":[1307],"class_list":["post-9761","post","type-post","status-publish","format-standard","has-post-thumbnail","hentry","category-minuto-a-minuto","category-zona-gris","tag-coronavirus-china"],"jetpack_featured_media_url":"https:\/\/zonaroja.com.mx\/wp-content\/uploads\/2020\/03\/Coronavirus-china-7.jpg","jetpack_sharing_enabled":true,"_links":{"self":[{"href":"https:\/\/zonaroja.com.mx\/index.php?rest_route=\/wp\/v2\/posts\/9761","targetHints":{"allow":["GET"]}}],"collection":[{"href":"https:\/\/zonaroja.com.mx\/index.php?rest_route=\/wp\/v2\/posts"}],"about":[{"href":"https:\/\/zonaroja.com.mx\/index.php?rest_route=\/wp\/v2\/types\/post"}],"author":[{"embeddable":true,"href":"https:\/\/zonaroja.com.mx\/index.php?rest_route=\/wp\/v2\/users\/2"}],"replies":[{"embeddable":true,"href":"https:\/\/zonaroja.com.mx\/index.php?rest_route=%2Fwp%2Fv2%2Fcomments&post=9761"}],"version-history":[{"count":1,"href":"https:\/\/zonaroja.com.mx\/index.php?rest_route=\/wp\/v2\/posts\/9761\/revisions"}],"predecessor-version":[{"id":9763,"href":"https:\/\/zonaroja.com.mx\/index.php?rest_route=\/wp\/v2\/posts\/9761\/revisions\/9763"}],"wp:featuredmedia":[{"embeddable":true,"href":"https:\/\/zonaroja.com.mx\/index.php?rest_route=\/wp\/v2\/media\/9762"}],"wp:attachment":[{"href":"https:\/\/zonaroja.com.mx\/index.php?rest_route=%2Fwp%2Fv2%2Fmedia&parent=9761"}],"wp:term":[{"taxonomy":"category","embeddable":true,"href":"https:\/\/zonaroja.com.mx\/index.php?rest_route=%2Fwp%2Fv2%2Fcategories&post=9761"},{"taxonomy":"post_tag","embeddable":true,"href":"https:\/\/zonaroja.com.mx\/index.php?rest_route=%2Fwp%2Fv2%2Ftags&post=9761"}],"curies":[{"name":"wp","href":"https:\/\/api.w.org\/{rel}","templated":true}]}}