{"id":9764,"date":"2020-03-11T21:20:25","date_gmt":"2020-03-12T03:20:25","guid":{"rendered":"http:\/\/www.zonaroja.com.mx\/?p=9764"},"modified":"2020-03-12T09:09:53","modified_gmt":"2020-03-12T15:09:53","slug":"asesinan-a-balazos-a-un-individuo-y-lesionan-a-una-mujer-en-tuxyepec","status":"publish","type":"post","link":"https:\/\/zonaroja.com.mx\/?p=9764","title":{"rendered":"Asesinan a balazos a un individuo y lesionan a una mujer en Tuxtepec"},"content":{"rendered":"\n<p>Redacci\u00f3n\/Zona Roja.<\/p>\n\n\n\n<p>Oaxaca de Ju\u00e1rez, Oax., 11 de marzo de\n2020.-&nbsp; La tensa calma registrada en el\nmunicipio de San Juan Bautista Tuxtepec, en la regi\u00f3n de la Cuenca, se\ninterrumpi\u00f3 este mi\u00e9rcoles ante el asesinato violento de otro hombre en la v\u00eda\np\u00fablica, as\u00ed como lesiones de bala a una mujer.<\/p>\n\n\n\n<p>El reporte policial indic\u00f3 que el\nataque armado se registr\u00f3 en la calle Dalias de la colonia Las Flores, en\ninmediaciones del Instituto Tecnol\u00f3gico de Tuxtepec, cerca de las 18:30 horas.<\/p>\n\n\n\n<p>La v\u00edctima mortal fue identificada como\nIsmael V., propietario de un bar en ese municipio donde desde el pasado 12 de\nfebrero se implement\u00f3 un nuevo operativo de seguridad, con el reforzamiento de\nlas fuerzas armadas en la regi\u00f3n de la Cuenca.<\/p>\n\n\n\n<p>La mujer fue identificada de manera preliminar\ncomo Estivaliz M. A., de 35 a\u00f1os de edad, a quien reportan grave de salud, en\nun hospital.<\/p>\n\n\n\n<p>La zona fue acordonada por elementos de\nseguridad de la Polic\u00eda Municipal, Estatal y del Ej\u00e9rcito Mexicano, en tanto\nintegrantes de la Agencia Estatal de Investigaci\u00f3n (AEI) arribaron para\nrealizar las diligencias correspondientes.<\/p>\n","protected":false},"excerpt":{"rendered":"<p>Redacci\u00f3n\/Zona Roja. Oaxaca de Ju\u00e1rez, Oax., 11 de marzo de 2020.-&nbsp; La tensa calma registrada&hellip;<\/p>\n","protected":false},"author":2,"featured_media":9765,"comment_status":"closed","ping_status":"open","sticky":false,"template":"","format":"standard","meta":{"_lmt_disableupdate":"","_lmt_disable":"","_jetpack_memberships_contains_paid_content":false,"footnotes":""},"categories":[109,51],"tags":[72],"class_list":["post-9764","post","type-post","status-publish","format-standard","has-post-thumbnail","hentry","category-minuto-a-minuto","category-zona-roja","tag-ejecutados"],"jetpack_featured_media_url":"https:\/\/zonaroja.com.mx\/wp-content\/uploads\/2020\/03\/Ejecutado-Tuxtepec-11-mar.jpg","jetpack_sharing_enabled":true,"_links":{"self":[{"href":"https:\/\/zonaroja.com.mx\/index.php?rest_route=\/wp\/v2\/posts\/9764","targetHints":{"allow":["GET"]}}],"collection":[{"href":"https:\/\/zonaroja.com.mx\/index.php?rest_route=\/wp\/v2\/posts"}],"about":[{"href":"https:\/\/zonaroja.com.mx\/index.php?rest_route=\/wp\/v2\/types\/post"}],"author":[{"embeddable":true,"href":"https:\/\/zonaroja.com.mx\/index.php?rest_route=\/wp\/v2\/users\/2"}],"replies":[{"embeddable":true,"href":"https:\/\/zonaroja.com.mx\/index.php?rest_route=%2Fwp%2Fv2%2Fcomments&post=9764"}],"version-history":[{"count":2,"href":"https:\/\/zonaroja.com.mx\/index.php?rest_route=\/wp\/v2\/posts\/9764\/revisions"}],"predecessor-version":[{"id":9784,"href":"https:\/\/zonaroja.com.mx\/index.php?rest_route=\/wp\/v2\/posts\/9764\/revisions\/9784"}],"wp:featuredmedia":[{"embeddable":true,"href":"https:\/\/zonaroja.com.mx\/index.php?rest_route=\/wp\/v2\/media\/9765"}],"wp:attachment":[{"href":"https:\/\/zonaroja.com.mx\/index.php?rest_route=%2Fwp%2Fv2%2Fmedia&parent=9764"}],"wp:term":[{"taxonomy":"category","embeddable":true,"href":"https:\/\/zonaroja.com.mx\/index.php?rest_route=%2Fwp%2Fv2%2Fcategories&post=9764"},{"taxonomy":"post_tag","embeddable":true,"href":"https:\/\/zonaroja.com.mx\/index.php?rest_route=%2Fwp%2Fv2%2Ftags&post=9764"}],"curies":[{"name":"wp","href":"https:\/\/api.w.org\/{rel}","templated":true}]}}