{"id":9767,"date":"2020-03-11T21:52:14","date_gmt":"2020-03-12T03:52:14","guid":{"rendered":"http:\/\/www.zonaroja.com.mx\/?p=9767"},"modified":"2020-03-11T21:52:18","modified_gmt":"2020-03-12T03:52:18","slug":"en-el-olvido-justicia-para-ivanna-mingo-exigencia-de-justicia-sigue","status":"publish","type":"post","link":"https:\/\/zonaroja.com.mx\/?p=9767","title":{"rendered":"En el olvido justicia para Ivanna Mingo; exigencia de justicia sigue"},"content":{"rendered":"\n<p>Evlin Arag\u00f3n\/Zona Roja.<\/p>\n\n\n\n<p>Oaxaca de Ju\u00e1rez, Oax., 11 de marzo de\n2020.- \u201cSeguimos exigiendo justicia para Ivanna Mingo y no dejaremos de hacerlo\npor el bien de las familias, por el bien de todas las mujeres, los asesinos de\nmujeres deben estar en la c\u00e1rcel, tenemos fe que la justicia llegara m\u00e1s\ntemprano que tarde y que veremos preso al asesino\u201d.<\/p>\n\n\n\n<p>As\u00ed lo refiere un comunicado del Grupo\nAtenea, organizaci\u00f3n en apoyo a mujeres violentadas, agredidas, asesinadas y a\nlas familias de estas.<\/p>\n\n\n\n<p>En el documento dirigido a la opini\u00f3n\np\u00fablica, las mujeres que conforman el colectivo ponen en evidencia el\ndeficiente actuar de la Fiscal\u00eda General del Estado de Oaxaca y su titular a\nRub\u00e9n Vasconcelos M\u00e9ndez, que se ha empe\u00f1ado en proteger al presunto responsable\nde la muerte de la joven, Alfredo Delgado Cervantes y su madre la ex\nfuncionaria federal y militante del PRI, Rebeca Cervantes, por \u00f3rdenes del ex\ngobernador Jos\u00e9 Murat Casab.<\/p>\n\n\n\n<p>\u201cObvio que en Fiscal\u00eda eso no les\nimporta, amigos como el Fiscal carnal, Rub\u00e9n Vasconcelos M\u00e9ndez la protegen a\nusted y a su hijo por \u00f3rdenes de Jos\u00e9 Nelson Murat Casab, un amiguito muy\nconocido de usted, si por Alejandro Murat fuera, su hijo ya estuviera preso\ndesde los primeros d\u00edas del crimen\u201d, refiere la carta firmada por Marisol\nJu\u00e1rez P\u00e9rez, como representante de la organizaci\u00f3n.<\/p>\n\n\n\n<p>En este sentido, lamentaron que hasta\nel momento el caso se encuentre archivado sin que ninguna autoridad -Fiscal\u00eda o\nTribunal Superior de Justicia- haga algo al respecto, al igual que sucede con\nmiles de casos de mujeres y familias enteras que son olvidadas y caminan solas\nen medio de la tragedia derivada del Estado feminicida que deja en segundo\nplano a m\u00e1s de la mitad de la poblaci\u00f3n.<\/p>\n\n\n\n<p>Criticaron que en \u00faltimas fechas Rebeca\nCervantes, madre del presunto responsable de la muerte de Ivanna, se asuma como\nv\u00edctima, por lo que le exigieron que explique a detalle c\u00f3mo sucedieron los\nhechos, ya que es de conocimiento p\u00fablico que ocultaron el cuerpo de la joven\n-presuntamente a\u00fan con vida- y despu\u00e9s lo abandonaron en las puertas del\nHospital Civil.<\/p>\n\n\n\n<p>\u201cExiste un video oficial de los\nServicios de Salud de Oaxaca que prueba que fue Alfredo Delgado Cervantes quien\nllev\u00f3 el cuerpo sin vida y lo dej\u00f3 a las puertas de ese nosocomio, acaso eso es\nfalso \u00bfy una calumnia?, deje de mentir Rebeca, deje de defender lo\nindefendible, y ense\u00f1e a su hijo por primera vez a ser un hombre y afrontar las\nconsecuencias de sus actos\u201d, manifiesta el documento.<\/p>\n\n\n\n<p>Explican que el video que registra los\nhechos forma parte de la Carpeta de Investigaci\u00f3n raz\u00f3n por la que no entienden\nque a\u00fan sigan abogando por la presunci\u00f3n de inocencia de Alfredo Delgado, ex\npareja sentimental de Ivanna Mingo, cuando es claro que hubo dolo en su actuar\nla noche en que falleci\u00f3 la joven.<\/p>\n\n\n\n<p>\u201cMientras se presume inocencia una hija\nno est\u00e1 con sus padres, mientras se presume inocencia una hermana no llora, ni\nr\u00ede, no cuenta sus vivencias a su hermana. Mientras se presume inocencia Ivanna\nno volvi\u00f3 a ver un amanecer, ni a amar ni besar a sus padres\u201d, cita.<\/p>\n\n\n\n<p>Pidieron a la ex funcionaria dejar el\ndiscurso de que se trat\u00f3 de un accidente y m\u00e1s a\u00fan dejar de utilizar boots en\nlas redes sociales para manchar la imagen Ivanna, a quien como otras mujeres\nv\u00edctimas de violencia de g\u00e9nero y feminicida responsabilizan de su tr\u00e1gico fin\nal argumentar que \u201ceso le pas\u00f3 por andar de noche y ebria\u201d, lo cual refieren es\ntotalmente falso.<\/p>\n\n\n\n<p>Finalmente hicieron un llamado a la\nsociedad en general para no permitir que la impunidad siga permeando y que los\ndelincuentes sigan apoder\u00e1ndose de la justicia para subyugar al m\u00e1s d\u00e9bil, a la\npar que manifestaron no quitaran el dedo del rengl\u00f3n en la exigencia justicia.<\/p>\n\n\n\n<p>Fue el 21 de octubre del 2018 que se\nregistr\u00f3 el accidente vial en el que Ivanna Mingo L\u00f3pez result\u00f3 gravemente\nherida y posteriormente muri\u00f3 al no brindarle la atenci\u00f3n m\u00e9dica inmediata de\nacuerdo c\u00f3mo lo ha expresado la familia de la joven que responsabiliza a\nAlfredo Delgado Cervantes de los hechos.<\/p>\n","protected":false},"excerpt":{"rendered":"<p>Evlin Arag\u00f3n\/Zona Roja. Oaxaca de Ju\u00e1rez, Oax., 11 de marzo de 2020.- \u201cSeguimos exigiendo justicia&hellip;<\/p>\n","protected":false},"author":2,"featured_media":9768,"comment_status":"closed","ping_status":"open","sticky":false,"template":"","format":"standard","meta":{"_lmt_disableupdate":"","_lmt_disable":"","_jetpack_memberships_contains_paid_content":false,"footnotes":""},"categories":[109,51],"tags":[1490],"class_list":["post-9767","post","type-post","status-publish","format-standard","has-post-thumbnail","hentry","category-minuto-a-minuto","category-zona-roja","tag-caso-ivanna-mingo-impune"],"jetpack_featured_media_url":"https:\/\/zonaroja.com.mx\/wp-content\/uploads\/2020\/03\/Caso-Ivanna-Mingo.png","jetpack_sharing_enabled":true,"_links":{"self":[{"href":"https:\/\/zonaroja.com.mx\/index.php?rest_route=\/wp\/v2\/posts\/9767","targetHints":{"allow":["GET"]}}],"collection":[{"href":"https:\/\/zonaroja.com.mx\/index.php?rest_route=\/wp\/v2\/posts"}],"about":[{"href":"https:\/\/zonaroja.com.mx\/index.php?rest_route=\/wp\/v2\/types\/post"}],"author":[{"embeddable":true,"href":"https:\/\/zonaroja.com.mx\/index.php?rest_route=\/wp\/v2\/users\/2"}],"replies":[{"embeddable":true,"href":"https:\/\/zonaroja.com.mx\/index.php?rest_route=%2Fwp%2Fv2%2Fcomments&post=9767"}],"version-history":[{"count":1,"href":"https:\/\/zonaroja.com.mx\/index.php?rest_route=\/wp\/v2\/posts\/9767\/revisions"}],"predecessor-version":[{"id":9769,"href":"https:\/\/zonaroja.com.mx\/index.php?rest_route=\/wp\/v2\/posts\/9767\/revisions\/9769"}],"wp:featuredmedia":[{"embeddable":true,"href":"https:\/\/zonaroja.com.mx\/index.php?rest_route=\/wp\/v2\/media\/9768"}],"wp:attachment":[{"href":"https:\/\/zonaroja.com.mx\/index.php?rest_route=%2Fwp%2Fv2%2Fmedia&parent=9767"}],"wp:term":[{"taxonomy":"category","embeddable":true,"href":"https:\/\/zonaroja.com.mx\/index.php?rest_route=%2Fwp%2Fv2%2Fcategories&post=9767"},{"taxonomy":"post_tag","embeddable":true,"href":"https:\/\/zonaroja.com.mx\/index.php?rest_route=%2Fwp%2Fv2%2Ftags&post=9767"}],"curies":[{"name":"wp","href":"https:\/\/api.w.org\/{rel}","templated":true}]}}