{"id":9773,"date":"2020-03-11T22:12:36","date_gmt":"2020-03-12T04:12:36","guid":{"rendered":"http:\/\/www.zonaroja.com.mx\/?p=9773"},"modified":"2020-03-11T22:12:39","modified_gmt":"2020-03-12T04:12:39","slug":"exhorta-el-congreso-local-al-teeo-legalidad-en-juicios-electorales","status":"publish","type":"post","link":"https:\/\/zonaroja.com.mx\/?p=9773","title":{"rendered":"Exhorta el Congreso local al TEEO legalidad en juicios electorales"},"content":{"rendered":"\n<p>Redacci\u00f3n\/Zona Roja.<\/p>\n\n\n\n<p>Oaxaca de Ju\u00e1rez, Oax., 11 de marzo de\n2020.- El Congreso de Estado exhort\u00f3 al Tribunal Electoral del Estado de Oaxaca\n(TEEO) a aplicar y observar en los juicios electorales de su conocimiento, los\nprincipios de certeza, constitucionalidad, convencionalidad, legalidad,\nimparcialidad, equidad, publicidad, transparencia y accesibilidad a la\ninformaci\u00f3n p\u00fablica.<\/p>\n\n\n\n<p>Asimismo, le pidi\u00f3 poner mayor \u00e9nfasis\nen las impugnaciones y nulidades, en las comunidades que se rigen por sistemas\nnormativos ind\u00edgenas; el punto de acuerdo se aprob\u00f3 por obvia y urgente\nresoluci\u00f3n en sesi\u00f3n ordinaria de este mi\u00e9rcoles.<\/p>\n\n\n\n<p>En este sentido, el presidente de la\nJunta de Coordinaci\u00f3n Pol\u00edtica, Horacio Sosa, recomend\u00f3 al TEEO atender de\nmanera cabal el \u201cprotocolo de actuaci\u00f3n para quienes imparten justicia en casos\nque involucren derechos de personas, comunidades y pueblos ind\u00edgenas\u201d.<\/p>\n\n\n\n<p>Dijo que en el caso de las\nimpugnaciones y nulidades en las elecciones de los municipios que se rigen por\nsus Sistemas Normativos Ind\u00edgenas, \u201cvemos con preocupaci\u00f3n que los conflictos\npol\u00edtico-electorales de algunos municipios se desbordan hasta la violencia, con\ngraves acusaciones de resoluciones emitidas con criterios econ\u00f3micos\u201d.<\/p>\n\n\n\n<p>Se\u00f1al\u00f3 que lo anterior se realiza sin\natender cabalmente el \u201cProtocolo de Actuaci\u00f3n para quienes imparten Justicia en\ncasos que involucren derechos de personas, comunidades y pueblos ind\u00edgenas\u201d\nemitido por la Suprema Corte de Justicia de la Naci\u00f3n y, sin atender que sus\nresoluciones tienen trascendencia por su amplia incidencia en la vida de las\ncomunidades y municipios.<\/p>\n\n\n\n<p>El exhorto fue presentado por el\ndiputado Horacio Sosa y avalado por la mayor\u00eda del Pleno Legislativo.<\/p>\n","protected":false},"excerpt":{"rendered":"<p>Redacci\u00f3n\/Zona Roja. Oaxaca de Ju\u00e1rez, Oax., 11 de marzo de 2020.- El Congreso de Estado&hellip;<\/p>\n","protected":false},"author":2,"featured_media":9774,"comment_status":"closed","ping_status":"open","sticky":false,"template":"","format":"standard","meta":{"_lmt_disableupdate":"","_lmt_disable":"","_jetpack_memberships_contains_paid_content":false,"footnotes":""},"categories":[109,46],"tags":[444],"class_list":["post-9773","post","type-post","status-publish","format-standard","has-post-thumbnail","hentry","category-minuto-a-minuto","category-zona-blanca","tag-horacio-sosa-villavicencio"],"jetpack_featured_media_url":"https:\/\/zonaroja.com.mx\/wp-content\/uploads\/2020\/03\/Votaciones-Congreso-de-Oaxaca.jpg","jetpack_sharing_enabled":true,"_links":{"self":[{"href":"https:\/\/zonaroja.com.mx\/index.php?rest_route=\/wp\/v2\/posts\/9773","targetHints":{"allow":["GET"]}}],"collection":[{"href":"https:\/\/zonaroja.com.mx\/index.php?rest_route=\/wp\/v2\/posts"}],"about":[{"href":"https:\/\/zonaroja.com.mx\/index.php?rest_route=\/wp\/v2\/types\/post"}],"author":[{"embeddable":true,"href":"https:\/\/zonaroja.com.mx\/index.php?rest_route=\/wp\/v2\/users\/2"}],"replies":[{"embeddable":true,"href":"https:\/\/zonaroja.com.mx\/index.php?rest_route=%2Fwp%2Fv2%2Fcomments&post=9773"}],"version-history":[{"count":1,"href":"https:\/\/zonaroja.com.mx\/index.php?rest_route=\/wp\/v2\/posts\/9773\/revisions"}],"predecessor-version":[{"id":9775,"href":"https:\/\/zonaroja.com.mx\/index.php?rest_route=\/wp\/v2\/posts\/9773\/revisions\/9775"}],"wp:featuredmedia":[{"embeddable":true,"href":"https:\/\/zonaroja.com.mx\/index.php?rest_route=\/wp\/v2\/media\/9774"}],"wp:attachment":[{"href":"https:\/\/zonaroja.com.mx\/index.php?rest_route=%2Fwp%2Fv2%2Fmedia&parent=9773"}],"wp:term":[{"taxonomy":"category","embeddable":true,"href":"https:\/\/zonaroja.com.mx\/index.php?rest_route=%2Fwp%2Fv2%2Fcategories&post=9773"},{"taxonomy":"post_tag","embeddable":true,"href":"https:\/\/zonaroja.com.mx\/index.php?rest_route=%2Fwp%2Fv2%2Ftags&post=9773"}],"curies":[{"name":"wp","href":"https:\/\/api.w.org\/{rel}","templated":true}]}}