{"id":9800,"date":"2020-03-12T17:48:10","date_gmt":"2020-03-12T23:48:10","guid":{"rendered":"https:\/\/www.zonaroja.com.mx\/?p=9800"},"modified":"2020-03-12T17:48:13","modified_gmt":"2020-03-12T23:48:13","slug":"tras-41-dias-acuerda-sindicato-levantar-huelga-en-la-uabjo-cede-a-propuestas","status":"publish","type":"post","link":"https:\/\/zonaroja.com.mx\/?p=9800","title":{"rendered":"Tras 41 d\u00edas, acuerda sindicato levantar huelga en la UABJO; cede a propuestas"},"content":{"rendered":"\n<p> Yuridiana Sosa\/ Zona Roja. <\/p>\n\n\n\n<p>Oaxaca de Ju\u00e1rez, Oax., 12 de marzo de 2020.- Tras 41 d\u00edas de huelga, el Sindicato de Trabajadores y Empleados de la Universidad Aut\u00f3noma \u201cBenito Ju\u00e1rez\u201d de Oaxaca (STEUABJO) acept\u00f3 las propuestas de la rector\u00eda para dar fin al paro laboral y acad\u00e9mico.<\/p>\n\n\n\n<p>La tarde de este jueves, las partes involucradas firmaron el convenio con los acuerdos alcanzados ante la Junta Local de Conciliaci\u00f3n y Arbitraje (JLCyA).<\/p>\n\n\n\n<p>El STEUABJO acept\u00f3 el ofrecimiento del 3.4 por ciento de aumento al salario, del cual exigieron en su pliego hasta un 20 por ciento, y 1.8 por ciento en prestaciones; as\u00ed como lograron 16 bases y 36 jubilaciones.<\/p>\n\n\n\n<p>Las propuestas de la UABJO quedaron fijadas de acuerdo al presupuesto anual para la m\u00e1xima casa de estudios y de lo cual advirtieron desde el inicio de la movilizaci\u00f3n.<\/p>\n\n\n\n<p>El rector, Eduardo Bautista Mart\u00ednez, celebr\u00f3 la decisi\u00f3n del STEUABJO y extern\u00f3 a la comunidad universitaria su compromisos para continuar con las gestiones a favor de la instituci\u00f3n.<\/p>\n\n\n\n<p>Este viernes se restablecer\u00e1n las actividades laborales y acad\u00e9micas para m\u00e1s de 25 mil estudiantes en los distintos planteles en la capital, Puerto Escondido, Tehuantepec y Huajupan de Le\u00f3n.<\/p>\n\n\n\n<p>Por su parte, el STEUABJO anunci\u00f3 que de no cumplirse los acuerdos alcanzados con la Universidad, realizar\u00e1 las denuncias p\u00fablicas necesarias para exhibir la situaci\u00f3n.<\/p>\n\n\n\n<p>\u201cQuiz\u00e1 los t\u00e9rminos en que levantamos la huelga no sean los que anhel\u00e1ramos como sindicato pero dada la madurez y la importancia que reviste para nosotros el alumnado, decidimos levantar. <\/p>\n\n\n\n<p>\u201cComo sindicato vamos a estar al pendiente de los plazos para que se cumplan las cl\u00e1usulas y si ellos no llegasen a cumplir este compromiso lo estar\u00edamos denunciando a los medios de comunicaci\u00f3n;, dijo el secretario General del sindicato, Ariel Luj\u00e1n P\u00e9rez. <\/p>\n","protected":false},"excerpt":{"rendered":"<p>Yuridiana Sosa\/ Zona Roja. Oaxaca de Ju\u00e1rez, Oax., 12 de marzo de 2020.- Tras 41&hellip;<\/p>\n","protected":false},"author":2,"featured_media":9799,"comment_status":"closed","ping_status":"open","sticky":false,"template":"","format":"standard","meta":{"_lmt_disableupdate":"","_lmt_disable":"","_jetpack_memberships_contains_paid_content":false,"footnotes":""},"categories":[1],"tags":[],"class_list":["post-9800","post","type-post","status-publish","format-standard","has-post-thumbnail","hentry","category-sin-categoria"],"jetpack_featured_media_url":"https:\/\/zonaroja.com.mx\/wp-content\/uploads\/2020\/03\/5ab3b781-a6c1-4b59-a544-da9f803aefed.jpg","jetpack_sharing_enabled":true,"_links":{"self":[{"href":"https:\/\/zonaroja.com.mx\/index.php?rest_route=\/wp\/v2\/posts\/9800","targetHints":{"allow":["GET"]}}],"collection":[{"href":"https:\/\/zonaroja.com.mx\/index.php?rest_route=\/wp\/v2\/posts"}],"about":[{"href":"https:\/\/zonaroja.com.mx\/index.php?rest_route=\/wp\/v2\/types\/post"}],"author":[{"embeddable":true,"href":"https:\/\/zonaroja.com.mx\/index.php?rest_route=\/wp\/v2\/users\/2"}],"replies":[{"embeddable":true,"href":"https:\/\/zonaroja.com.mx\/index.php?rest_route=%2Fwp%2Fv2%2Fcomments&post=9800"}],"version-history":[{"count":1,"href":"https:\/\/zonaroja.com.mx\/index.php?rest_route=\/wp\/v2\/posts\/9800\/revisions"}],"predecessor-version":[{"id":9801,"href":"https:\/\/zonaroja.com.mx\/index.php?rest_route=\/wp\/v2\/posts\/9800\/revisions\/9801"}],"wp:featuredmedia":[{"embeddable":true,"href":"https:\/\/zonaroja.com.mx\/index.php?rest_route=\/wp\/v2\/media\/9799"}],"wp:attachment":[{"href":"https:\/\/zonaroja.com.mx\/index.php?rest_route=%2Fwp%2Fv2%2Fmedia&parent=9800"}],"wp:term":[{"taxonomy":"category","embeddable":true,"href":"https:\/\/zonaroja.com.mx\/index.php?rest_route=%2Fwp%2Fv2%2Fcategories&post=9800"},{"taxonomy":"post_tag","embeddable":true,"href":"https:\/\/zonaroja.com.mx\/index.php?rest_route=%2Fwp%2Fv2%2Ftags&post=9800"}],"curies":[{"name":"wp","href":"https:\/\/api.w.org\/{rel}","templated":true}]}}