{"id":9802,"date":"2020-03-12T19:35:33","date_gmt":"2020-03-13T01:35:33","guid":{"rendered":"http:\/\/www.zonaroja.com.mx\/?p=9802"},"modified":"2020-03-12T19:35:35","modified_gmt":"2020-03-13T01:35:35","slug":"tres-ejecutados-y-una-mujer-herida-en-tuxtepec-un-asesinado-en-ixtaltepec","status":"publish","type":"post","link":"https:\/\/zonaroja.com.mx\/?p=9802","title":{"rendered":"Tres ejecutados y una mujer herida en Tuxtepec; un asesinado en Ixtaltepec"},"content":{"rendered":"\n<p>Redacci\u00f3n\/Zona Roja.<\/p>\n\n\n\n<p>Oaxaca de Ju\u00e1rez, Oax., 12 de marzo de\n2020.-&nbsp; En menos de 24 horas, en el\nmunicipio de San Juan Bautista Tuxtepec se han registrado distintos hechos violentos,\ncon un saldo de tres varones ejecutados, una mujer herida y un cateo en la zona\ncentro de la ciudad.<\/p>\n\n\n\n<p>Mientras tanto, en Asunci\u00f3n Ixtaltepec,\nmunicipio de la regi\u00f3n del Istmo, fue ultimado a balazos un individuo.<\/p>\n\n\n\n<p>En Tuxtepec, el hecho m\u00e1s reciente\nocurri\u00f3&nbsp; este jueves poco despu\u00e9s del\nmediod\u00eda en un taller mec\u00e1nico en inmediaciones del ejido de Sebastopol, de ese\nmunicipio de la regi\u00f3n de la Cuenca.<\/p>\n\n\n\n<p>En el ataque armado se dio muerte a un\nvar\u00f3n originario del municipio de San Jos\u00e9 Chiltepec, quien qued\u00f3 debajo de un\ncami\u00f3n volteo. Fue identificado como Julio A. M. de 51 a\u00f1os de edad.<\/p>\n\n\n\n<p>Al negocio ubicado sobre la carretera\nTuxtepec -Playa Vicente arribaron elementos de la Polic\u00eda Municipal para\nacordonar el \u00e1rea; as\u00ed tambi\u00e9n hizo presencia el Ej\u00e9rcito Mexicano, la Polic\u00eda\nEstatal y la Agencia Estatal de Investigaciones.<\/p>\n\n\n\n<p>Por otra parte, durante la noche de\neste mi\u00e9rcoles, sobre la avenida Jes\u00fas Carranza, en el primer cuadro de la\nciudad, fuerzas policiales se llevaron a cabo un cateo.<\/p>\n\n\n\n<p>Por la actividad, varias calles del\ncentro de la ciudad fueron acordonadas; sin embargo, la Fiscal\u00eda General de\nOaxaca no ha emitido un comunicado sobre esos hechos.<\/p>\n\n\n\n<p>As\u00ed tambi\u00e9n, por la noche se registr\u00f3\nel hallazgo de un cuerpo sin vida que presentaba signos de tortura, sobre un\npredio de la carretera que conduce a la comunidad de Zacate Colorado, Tuxtepec.<\/p>\n\n\n\n<p>El reporte policial indic\u00f3 que se trat\u00f3\nde un var\u00f3n identificado como Francisco S. de oficio conductor de un urbano del\ntransporte p\u00fablico, quien estaba maniatado y presentaba disparos de arma de\nfuego.<\/p>\n\n\n\n<p>Horas antes, una var\u00f3n fue acribillado\nen la v\u00eda p\u00fablica en la colonia Las Flores, en inmediaciones del Instituto\nTecnol\u00f3gico de Tuxtepec, hecho por el que una mujer result\u00f3 herida, quien la\nreportan delicada de salud.<\/p>\n\n\n\n<p>TAMBI\u00c9N ISTMO<\/p>\n\n\n\n<p>Mientras tanto, en Asunci\u00f3n Ixtaltepec,\nla tarde de hoy fue ultimado a balazos un individuo, identificado como Jos\u00e9\nColinet P. M., en el taller denominado \u201cColi\u201d, ubicado en la calle Centenario\nde la Segunda Secci\u00f3n de dicho municipio.<\/p>\n\n\n\n<p>Hasta el momento se desconoce el m\u00f3vil\ndel ataque as\u00ed como la identidad del o los probables autores materiales.<\/p>\n","protected":false},"excerpt":{"rendered":"<p>Redacci\u00f3n\/Zona Roja. Oaxaca de Ju\u00e1rez, Oax., 12 de marzo de 2020.-&nbsp; En menos de 24&hellip;<\/p>\n","protected":false},"author":2,"featured_media":9803,"comment_status":"closed","ping_status":"open","sticky":false,"template":"","format":"standard","meta":{"_lmt_disableupdate":"","_lmt_disable":"","_jetpack_memberships_contains_paid_content":false,"footnotes":""},"categories":[109,51],"tags":[],"class_list":["post-9802","post","type-post","status-publish","format-standard","has-post-thumbnail","hentry","category-minuto-a-minuto","category-zona-roja"],"jetpack_featured_media_url":"https:\/\/zonaroja.com.mx\/wp-content\/uploads\/2020\/03\/Ejecutado-Tuxtepec-12mar.jpeg","jetpack_sharing_enabled":true,"_links":{"self":[{"href":"https:\/\/zonaroja.com.mx\/index.php?rest_route=\/wp\/v2\/posts\/9802","targetHints":{"allow":["GET"]}}],"collection":[{"href":"https:\/\/zonaroja.com.mx\/index.php?rest_route=\/wp\/v2\/posts"}],"about":[{"href":"https:\/\/zonaroja.com.mx\/index.php?rest_route=\/wp\/v2\/types\/post"}],"author":[{"embeddable":true,"href":"https:\/\/zonaroja.com.mx\/index.php?rest_route=\/wp\/v2\/users\/2"}],"replies":[{"embeddable":true,"href":"https:\/\/zonaroja.com.mx\/index.php?rest_route=%2Fwp%2Fv2%2Fcomments&post=9802"}],"version-history":[{"count":1,"href":"https:\/\/zonaroja.com.mx\/index.php?rest_route=\/wp\/v2\/posts\/9802\/revisions"}],"predecessor-version":[{"id":9804,"href":"https:\/\/zonaroja.com.mx\/index.php?rest_route=\/wp\/v2\/posts\/9802\/revisions\/9804"}],"wp:featuredmedia":[{"embeddable":true,"href":"https:\/\/zonaroja.com.mx\/index.php?rest_route=\/wp\/v2\/media\/9803"}],"wp:attachment":[{"href":"https:\/\/zonaroja.com.mx\/index.php?rest_route=%2Fwp%2Fv2%2Fmedia&parent=9802"}],"wp:term":[{"taxonomy":"category","embeddable":true,"href":"https:\/\/zonaroja.com.mx\/index.php?rest_route=%2Fwp%2Fv2%2Fcategories&post=9802"},{"taxonomy":"post_tag","embeddable":true,"href":"https:\/\/zonaroja.com.mx\/index.php?rest_route=%2Fwp%2Fv2%2Ftags&post=9802"}],"curies":[{"name":"wp","href":"https:\/\/api.w.org\/{rel}","templated":true}]}}