{"id":9805,"date":"2020-03-12T20:19:13","date_gmt":"2020-03-13T02:19:13","guid":{"rendered":"http:\/\/www.zonaroja.com.mx\/?p=9805"},"modified":"2020-03-12T20:19:15","modified_gmt":"2020-03-13T02:19:15","slug":"santa-maria-del-mar-pide-paso-a-san-dionisio-del-mar-por-granja-solar","status":"publish","type":"post","link":"https:\/\/zonaroja.com.mx\/?p=9805","title":{"rendered":"Santa Mar\u00eda del Mar pide paso a San Dionisio del Mar, por granja solar"},"content":{"rendered":"\n<p>Yuridiana Sosa\/Zona Roja.<\/p>\n\n\n\n<p>Oaxaca de Ju\u00e1rez, Oax., 12 de marzo de\n2020.- La comunidad Ikoot de Santa Mar\u00eda del Mar solicit\u00f3 a San Dionisio del\nMar permitir el paso libre por tierra de los materiales para la construcci\u00f3n de\nuna planta solar en esa comunidad aislada de Juchit\u00e1n de Zaragoza, en la regi\u00f3n\ndel Istmo de Oaxaca.<\/p>\n\n\n\n<p>Sin intervenci\u00f3n de autoridades de\nning\u00fan orden de gobierno, las comunidades ind\u00edgenas de Oaxaca llevan a cabo un\nproceso de paz, el cual incluye un acuerdo para el respeto de sus derechos\nhumanos y de sus tierras.<\/p>\n\n\n\n<p>En conferencia de prensa, Gelasio Mata\nCruz, agente municipal de Santa Mar\u00eda del Mar, anunci\u00f3 la entrega de la\nsolicitud, que de ser aprobada su comunidad podr\u00eda recibir el servicio de\nenerg\u00eda el\u00e9ctrica para toda la poblaci\u00f3n, pues la construcci\u00f3n de la planta\nsolar se encuentra inconclusa.<\/p>\n\n\n\n<p>El representante de San Dionisio del\nMar, Faustino Garc\u00eda Morales, indic\u00f3 que la petici\u00f3n se someter\u00e1 a consulta en\nuna asamblea general que se llevar\u00e1 a cabo en dos d\u00edas, donde se fijar\u00e1 la\nfecha y los mecanismos para que sus vecinos reciban el material.<\/p>\n\n\n\n<p>En el acuerdo tambi\u00e9n se incluye el\nrespeto de Santa Mar\u00eda de Mar sobre la decisi\u00f3n que San Dionisio tome sobre la\ncarretera cuatro carriles que se ubican en territorio de esta agencia y de la\nagencia de \u00c1lvaro Obreg\u00f3n.<\/p>\n\n\n\n<p>As\u00ed tambi\u00e9n, Santa Mar\u00eda del Mar se\ncomprometi\u00f3 a respetar su rechazo a los megaproyectos, mineros, e\u00f3licos o de\ncualquier otro que se quieran establecer en la zona de los pueblos ind\u00edgenas Ikoot.<\/p>\n\n\n\n<p>Durante la conferencia realizada en la\ncapital del estado, los pueblos unidos dieron a conocer que a\u00fan no existen\nacuerdos s\u00f3lidos sobre el conflicto entre Santa Mar\u00eda del Mar y San Mateo del\nMar, donde el paso terrestre sigue bloqueado por esta \u00faltima poblaci\u00f3n.<\/p>\n","protected":false},"excerpt":{"rendered":"<p>Yuridiana Sosa\/Zona Roja. Oaxaca de Ju\u00e1rez, Oax., 12 de marzo de 2020.- La comunidad Ikoot&hellip;<\/p>\n","protected":false},"author":2,"featured_media":9806,"comment_status":"closed","ping_status":"open","sticky":false,"template":"","format":"standard","meta":{"_lmt_disableupdate":"","_lmt_disable":"","_jetpack_memberships_contains_paid_content":false,"footnotes":""},"categories":[456,46],"tags":[893],"class_list":["post-9805","post","type-post","status-publish","format-standard","has-post-thumbnail","hentry","category-columna","category-zona-blanca","tag-santa-maria-del-mar"],"jetpack_featured_media_url":"https:\/\/zonaroja.com.mx\/wp-content\/uploads\/2020\/03\/Conferencia-zoques.jpg","jetpack_sharing_enabled":true,"_links":{"self":[{"href":"https:\/\/zonaroja.com.mx\/index.php?rest_route=\/wp\/v2\/posts\/9805","targetHints":{"allow":["GET"]}}],"collection":[{"href":"https:\/\/zonaroja.com.mx\/index.php?rest_route=\/wp\/v2\/posts"}],"about":[{"href":"https:\/\/zonaroja.com.mx\/index.php?rest_route=\/wp\/v2\/types\/post"}],"author":[{"embeddable":true,"href":"https:\/\/zonaroja.com.mx\/index.php?rest_route=\/wp\/v2\/users\/2"}],"replies":[{"embeddable":true,"href":"https:\/\/zonaroja.com.mx\/index.php?rest_route=%2Fwp%2Fv2%2Fcomments&post=9805"}],"version-history":[{"count":1,"href":"https:\/\/zonaroja.com.mx\/index.php?rest_route=\/wp\/v2\/posts\/9805\/revisions"}],"predecessor-version":[{"id":9807,"href":"https:\/\/zonaroja.com.mx\/index.php?rest_route=\/wp\/v2\/posts\/9805\/revisions\/9807"}],"wp:featuredmedia":[{"embeddable":true,"href":"https:\/\/zonaroja.com.mx\/index.php?rest_route=\/wp\/v2\/media\/9806"}],"wp:attachment":[{"href":"https:\/\/zonaroja.com.mx\/index.php?rest_route=%2Fwp%2Fv2%2Fmedia&parent=9805"}],"wp:term":[{"taxonomy":"category","embeddable":true,"href":"https:\/\/zonaroja.com.mx\/index.php?rest_route=%2Fwp%2Fv2%2Fcategories&post=9805"},{"taxonomy":"post_tag","embeddable":true,"href":"https:\/\/zonaroja.com.mx\/index.php?rest_route=%2Fwp%2Fv2%2Ftags&post=9805"}],"curies":[{"name":"wp","href":"https:\/\/api.w.org\/{rel}","templated":true}]}}