{"id":9808,"date":"2020-03-13T07:41:21","date_gmt":"2020-03-13T13:41:21","guid":{"rendered":"http:\/\/www.zonaroja.com.mx\/?p=9808"},"modified":"2020-03-12T21:43:42","modified_gmt":"2020-03-13T03:43:42","slug":"union-hidalgo-exige-cancelacion-de-consulta-para-proyecto-eolico","status":"publish","type":"post","link":"https:\/\/zonaroja.com.mx\/?p=9808","title":{"rendered":"Uni\u00f3n Hidalgo exige cancelaci\u00f3n de consulta para proyecto e\u00f3lico"},"content":{"rendered":"\n<p>Yuridiana Sosa\/Zona Roja.<\/p>\n\n\n\n<p>Oaxaca de Ju\u00e1rez, Oax., 13 de marzo de\n2020.- Campesinos y autoridades agrarias de Uni\u00f3n Hidalgo, municipio de la\nregi\u00f3n del Istmo, exigieron el gobierno federal la cancelaci\u00f3n de la consulta\nque se realiza en la poblaci\u00f3n para la instalaci\u00f3n del proyecto e\u00f3lico\ndenominado \u201cGunna Sicar\u00fa\u201d.<\/p>\n\n\n\n<p>El representante de los inconformes,\nNovel L\u00f3pez Arena, indic\u00f3 que la consulta previa, libre e informada que se\nlleva a cabo presenta irregularidades al no respetar los convenios\ninternacionales para las comunidades ind\u00edgenas.<\/p>\n\n\n\n<p>En conferencia de prensa en la capital,\ndemand\u00f3 la intervenci\u00f3n del Presidente de M\u00e9xico, Andr\u00e9s Manuel L\u00f3pez Obrador,\na quien a su vez reclam\u00f3 sobre la tolerancia del gobierno federal para que\ncontin\u00faen los megaproyectos de concesiones otorgadas en sexenios anteriores,\nsin considerar los derechos de los pueblos originarios.<\/p>\n\n\n\n<p>\u201cNo hay justicia social, como lo\nprometieron Murat (gobernador de Oaxaca) y el presidente\u201d, indic\u00f3 el\nrepresentante.<\/p>\n\n\n\n<p>La comunidad alert\u00f3 a la Secretar\u00eda de\nEnerg\u00eda, a la Secretar\u00eda de Medio Ambiente, Energ\u00edas y Desarrollo Sustentable\nde Oaxaca y a las Defensor\u00eda de los Derechos Humanos del Pueblo de Oaxaca\n(DDHPO) de la rapidez con la que se lleva a cabo la consulta, en la que\nparticipan principalmente personas pagadas, externas a las comunidades.<\/p>\n\n\n\n<p>Son cerca de dos mil 460 hect\u00e1reas que\nser\u00edan impactadas con el proyecto e\u00f3lico que pretende desarrollar la Empresa\nE\u00f3lica de Oaxaca (EO) filial de E\u00f3lica de Francia (EDF).<\/p>\n\n\n\n<p>\u201cNo nos vamos a dejar, vamos a defender\nnuestro territorio y recursos naturales\u201d, asever\u00f3 L\u00f3pez Arena en representaci\u00f3n\na la comunidad inconforme.<\/p>\n","protected":false},"excerpt":{"rendered":"<p>Yuridiana Sosa\/Zona Roja. Oaxaca de Ju\u00e1rez, Oax., 13 de marzo de 2020.- Campesinos y autoridades&hellip;<\/p>\n","protected":false},"author":2,"featured_media":9809,"comment_status":"closed","ping_status":"open","sticky":false,"template":"","format":"standard","meta":{"_lmt_disableupdate":"","_lmt_disable":"","_jetpack_memberships_contains_paid_content":false,"footnotes":""},"categories":[109,47],"tags":[1495],"class_list":["post-9808","post","type-post","status-publish","format-standard","has-post-thumbnail","hentry","category-minuto-a-minuto","category-zona-gris","tag-eolica-union-hidalgo"],"jetpack_featured_media_url":"https:\/\/zonaroja.com.mx\/wp-content\/uploads\/2020\/03\/E\u00f3lica-Uni\u00f3n-Hidalgo.jpg","jetpack_sharing_enabled":true,"_links":{"self":[{"href":"https:\/\/zonaroja.com.mx\/index.php?rest_route=\/wp\/v2\/posts\/9808","targetHints":{"allow":["GET"]}}],"collection":[{"href":"https:\/\/zonaroja.com.mx\/index.php?rest_route=\/wp\/v2\/posts"}],"about":[{"href":"https:\/\/zonaroja.com.mx\/index.php?rest_route=\/wp\/v2\/types\/post"}],"author":[{"embeddable":true,"href":"https:\/\/zonaroja.com.mx\/index.php?rest_route=\/wp\/v2\/users\/2"}],"replies":[{"embeddable":true,"href":"https:\/\/zonaroja.com.mx\/index.php?rest_route=%2Fwp%2Fv2%2Fcomments&post=9808"}],"version-history":[{"count":1,"href":"https:\/\/zonaroja.com.mx\/index.php?rest_route=\/wp\/v2\/posts\/9808\/revisions"}],"predecessor-version":[{"id":9810,"href":"https:\/\/zonaroja.com.mx\/index.php?rest_route=\/wp\/v2\/posts\/9808\/revisions\/9810"}],"wp:featuredmedia":[{"embeddable":true,"href":"https:\/\/zonaroja.com.mx\/index.php?rest_route=\/wp\/v2\/media\/9809"}],"wp:attachment":[{"href":"https:\/\/zonaroja.com.mx\/index.php?rest_route=%2Fwp%2Fv2%2Fmedia&parent=9808"}],"wp:term":[{"taxonomy":"category","embeddable":true,"href":"https:\/\/zonaroja.com.mx\/index.php?rest_route=%2Fwp%2Fv2%2Fcategories&post=9808"},{"taxonomy":"post_tag","embeddable":true,"href":"https:\/\/zonaroja.com.mx\/index.php?rest_route=%2Fwp%2Fv2%2Ftags&post=9808"}],"curies":[{"name":"wp","href":"https:\/\/api.w.org\/{rel}","templated":true}]}}