{"id":9811,"date":"2020-03-12T21:56:40","date_gmt":"2020-03-13T03:56:40","guid":{"rendered":"http:\/\/www.zonaroja.com.mx\/?p=9811"},"modified":"2020-03-12T21:56:43","modified_gmt":"2020-03-13T03:56:43","slug":"proponen-reformas-de-equidad-a-ley-del-poder-de-judicial","status":"publish","type":"post","link":"https:\/\/zonaroja.com.mx\/?p=9811","title":{"rendered":"Proponen reformas de equidad a ley del Poder de Judicial"},"content":{"rendered":"\n<p>Yuridiana Sosa\/Zona Roja.<\/p>\n\n\n\n<p>Oaxaca de Ju\u00e1rez, Oax., 12 de marzo de\n2020.- Con el objetivo de alcanzar una mayor perspectiva de g\u00e9nero en el Poder\nJudicial de Oaxaca, la diputada Elisa Zepeda Lagunas present\u00f3 una iniciativa\npara reformar la Ley Org\u00e1nica de dicho poder.<\/p>\n\n\n\n<p>La legisladora expuso que la reforma se\nencamine en la creaci\u00f3n de una Comisi\u00f3n de Igualdad de G\u00e9nero en el Consejo de\nla Judicatura, as\u00ed como la Escuela Judicial genere los procesos de formaci\u00f3n\ndesde una perspectiva de g\u00e9nero y que se den a conocer a la ciudadan\u00eda las\nresoluciones que se emiten las y los juzgadores.<\/p>\n\n\n\n<p>El pleno de 64 Legislatura turn\u00f3 la\npropuesta a comisiones para ser analizado y en su caso votada para su\naprobaci\u00f3n o desecharla.<\/p>\n\n\n\n<p>Zepeda Lagunas, tambi\u00e9n activista\ndefensora de los derechos, indic\u00f3 que en la entidad existe un reiterado reclamo\nde justicia para las mujeres desde un enfoque que considere sus desigualdades y\nsu contexto social.<\/p>\n\n\n\n<p>\u201cQuiero recordarles, legisladoras y\nlegisladores, que la igualdad de g\u00e9nero no es tratar igual a las mujeres que a\nlos hombres, ya que esta acepci\u00f3n es la m\u00e1s recurrente en el \u00e1mbito jur\u00eddico\u201d\nindic\u00f3 la diputada.<\/p>\n\n\n\n<p>Recalc\u00f3 la necesidad de buscar la\ntransversalizaci\u00f3n de la equidad de g\u00e9nero en todas las instituciones que\nconforman el poder p\u00fablico, pues s\u00f3lo a partir de esto podremos corregir en\ncierta medida la deuda hist\u00f3rica de acceso de las mujeres a la justicia.<\/p>\n\n\n\n<p>Tambi\u00e9n consider\u00f3 que un ejercicio\nsencillo, pero valioso en esta b\u00fasqueda, es el lenguaje incluyente, as\u00ed como\nanalizar el impacto diferenciado a mujeres y hombres de las iniciativas y\ndict\u00e1menes. \u201cEs necesario incluso el impacto diferenciado de nuestras\ndecisiones pol\u00edticas\u201d, agreg\u00f3.<\/p>\n","protected":false},"excerpt":{"rendered":"<p>Yuridiana Sosa\/Zona Roja. Oaxaca de Ju\u00e1rez, Oax., 12 de marzo de 2020.- Con el objetivo&hellip;<\/p>\n","protected":false},"author":2,"featured_media":9812,"comment_status":"closed","ping_status":"open","sticky":false,"template":"","format":"standard","meta":{"_lmt_disableupdate":"","_lmt_disable":"","_jetpack_memberships_contains_paid_content":false,"footnotes":""},"categories":[109,46],"tags":[215],"class_list":["post-9811","post","type-post","status-publish","format-standard","has-post-thumbnail","hentry","category-minuto-a-minuto","category-zona-blanca","tag-elisa-zepeda-lagunas"],"jetpack_featured_media_url":"https:\/\/zonaroja.com.mx\/wp-content\/uploads\/2020\/03\/Propone-Elisa-Zepeda-incorporarperspectiva-de-ge\u0301nero-al-Tribunal-Superior-de-Justicia.jpeg","jetpack_sharing_enabled":true,"_links":{"self":[{"href":"https:\/\/zonaroja.com.mx\/index.php?rest_route=\/wp\/v2\/posts\/9811","targetHints":{"allow":["GET"]}}],"collection":[{"href":"https:\/\/zonaroja.com.mx\/index.php?rest_route=\/wp\/v2\/posts"}],"about":[{"href":"https:\/\/zonaroja.com.mx\/index.php?rest_route=\/wp\/v2\/types\/post"}],"author":[{"embeddable":true,"href":"https:\/\/zonaroja.com.mx\/index.php?rest_route=\/wp\/v2\/users\/2"}],"replies":[{"embeddable":true,"href":"https:\/\/zonaroja.com.mx\/index.php?rest_route=%2Fwp%2Fv2%2Fcomments&post=9811"}],"version-history":[{"count":1,"href":"https:\/\/zonaroja.com.mx\/index.php?rest_route=\/wp\/v2\/posts\/9811\/revisions"}],"predecessor-version":[{"id":9813,"href":"https:\/\/zonaroja.com.mx\/index.php?rest_route=\/wp\/v2\/posts\/9811\/revisions\/9813"}],"wp:featuredmedia":[{"embeddable":true,"href":"https:\/\/zonaroja.com.mx\/index.php?rest_route=\/wp\/v2\/media\/9812"}],"wp:attachment":[{"href":"https:\/\/zonaroja.com.mx\/index.php?rest_route=%2Fwp%2Fv2%2Fmedia&parent=9811"}],"wp:term":[{"taxonomy":"category","embeddable":true,"href":"https:\/\/zonaroja.com.mx\/index.php?rest_route=%2Fwp%2Fv2%2Fcategories&post=9811"},{"taxonomy":"post_tag","embeddable":true,"href":"https:\/\/zonaroja.com.mx\/index.php?rest_route=%2Fwp%2Fv2%2Ftags&post=9811"}],"curies":[{"name":"wp","href":"https:\/\/api.w.org\/{rel}","templated":true}]}}