{"id":9817,"date":"2020-03-13T07:22:13","date_gmt":"2020-03-13T13:22:13","guid":{"rendered":"http:\/\/www.zonaroja.com.mx\/?p=9817"},"modified":"2020-03-13T07:22:17","modified_gmt":"2020-03-13T13:22:17","slug":"crece-la-pandemia-del-coronavirus-y-el-panico-mexico-16-casos","status":"publish","type":"post","link":"https:\/\/zonaroja.com.mx\/?p=9817","title":{"rendered":"Crece la pandemia del coronavirus\u2026 y el p\u00e1nico; M\u00e9xico, 16 casos"},"content":{"rendered":"\n<p>Redacci\u00f3n\/Zona Roja Cdmx.<\/p>\n\n\n\n<p>Ciudad de M\u00e9xico, 13 de marzo de 2020.-\nA la par de la pandemia del coronavirus, el p\u00e1nico y las medidas preventivas crecen\ny se extienden por el mundo, incluyendo a M\u00e9xico, donde ya comienzan las\ncompras de p\u00e1nico de materiales de salud.<\/p>\n\n\n\n<p>En nuestro pa\u00eds, tres gobiernos\nestatales confirmaron ayer cuatro nuevos casos de coronavirus: uno en el estado\nde M\u00e9xico, otro en Quer\u00e9taro, uno m\u00e1s en Puebla y el \u00faltimo en Durango. Con\nello suman 16 enfermos.<\/p>\n\n\n\n<p>Asimismo, M\u00e9xico endureci\u00f3 las medidas\nde prevenci\u00f3n contra el coronavirus ante la previsi\u00f3n de que en 15 d\u00edas se\nregistren cientos de contagios.<\/p>\n\n\n\n<p>Por su parte, el Congreso de la Uni\u00f3n\ncancel\u00f3 viajes internacionales programados para los pr\u00f3ximos d\u00edas y suspendi\u00f3\nlos parlamentos abiertos. Acortar\u00e1 los tiempos de discusi\u00f3n de dict\u00e1menes y\nfacilitar\u00e1 el trabajo a distancia de las comisiones legislativas<\/p>\n\n\n\n<p>En varias entidades, incluyendo Oaxaca,\nse comienzan a tomar medidas extremas, como la suspensi\u00f3n de actos masivos,\nentre ellos conciertos, encuentros deportivos y acto oficiales, en previsi\u00f3n a\nuna ola de contagios.<\/p>\n\n\n\n<p>EL MUNDO IGUAL<\/p>\n\n\n\n<p>En tanto, la Uni\u00f3n Europea (UE) y Gran\nBreta\u00f1a condenaron ayer, por separado, la decisi\u00f3n del presidente Donald Trump\nde suspender los vuelos entre Estados Unidos y Europa (con excepci\u00f3n de Reino\nUnido) para frenar el Covid-19, en momentos en que el n\u00famero de fallecidos por\nel virus en Italia super\u00f3 el millar y Londres dijo que probablemente tiene\nentre 5 mil y 10 mil infectados.<\/p>\n\n\n\n<p>La UE desaprueba que la prohibici\u00f3n de\nviajar se haya adoptado de manera unilateral y sin consulta, sostuvieron la\ntitular de la Comisi\u00f3n Europea, Ursula von der Leyen, y su par del Consejo\nEuropeo, Charles Michel, en un comunicado.<\/p>\n\n\n\n<p>Indicaron que los 26 miembros del\nbloque europeo est\u00e1n adoptando medidas en\u00e9rgicas para limitar la propagaci\u00f3n\ndel virus, que es, a su juicio, una crisis mundial, no limitada a ning\u00fan\ncontinente y la cual requiere cooperaci\u00f3n en lugar de una acci\u00f3n unilateral.<\/p>\n\n\n\n<p>SALDO GLOBAL<\/p>\n\n\n\n<p>El saldo global de la pandemia es de 4\nmil 720 decesos, 128 mil 343 contagios y 68 mil 324 recuperados en 114 pa\u00edses,\nde acuerdo con el conteo de la Universidad Johns Hopkins\n(https:\/\/bit.ly\/2wpG0AE).<\/p>\n\n\n\n<p>La cadena CNA (https:\/\/bit.ly\/38IfDnf)\nde Singapur refiri\u00f3, a su vez, que el balance es de 4 mil 964 decesos y 133 mil\n653 contagios en 114 pa\u00edses.<\/p>\n\n\n\n<p>En China continental, donde se detect\u00f3\nel primer caso en diciembre pasado, contin\u00faa la tendencia a la baja de la\nenfermedad, al registrar en las \u00faltimas 24 horas 15 decesos.<\/p>\n\n\n\n<p>En Gran Breta\u00f1a, que lleva un registro\nde 10 muertos y 590 contagios por coronavirus, Patrick Vallance, principal\nconsejero cient\u00edfico del gobierno, advirti\u00f3: estamos en una trayectoria que\nindica que podr\u00edamos estar unas cuatro semanas detr\u00e1s de Italia y algunos otros\npa\u00edses de Europa.<\/p>\n\n\n\n<p>Las autoridades recomendaron a la\npoblaci\u00f3n quedarse en casa durante siete d\u00edas si presentan algunos de la\ns\u00edntomas del Covid-19 y no viajar al extranjero.<\/p>\n\n\n\n<p>ROMA DESIERTA<\/p>\n\n\n\n<p>Roma amaneci\u00f3 desierta ayer, con\ncamiones de transporte p\u00fablico fantasmas circulando por calles vac\u00edas, donde\ns\u00f3lo se escuchaba el ta\u00f1er de campanas de las iglesias y el graznido de\ngaviotas. La imagen que se repet\u00eda varias de ciudades italianas, en momentos\nque en el pa\u00eds ya contabiliz\u00f3 mil 16 decesos y 15 mil 113 infectados.<\/p>\n\n\n\n<p>En Francia, el presidente Emmanuel Macron\nanunci\u00f3 el cierre de escuelas y universidades a partir del lunes y confirm\u00f3 que\nlas elecciones municipales se llevar\u00e1n a cabo el domingo, en momentos que ya\nreportan 61 muertos y 2 mil 281 enfermos.<\/p>\n\n\n\n<p>En Alemania, la canciller federal Angela\nMerkel pidi\u00f3 la suspensi\u00f3n de todos los actos en el pa\u00eds no necesarios de menos\nde mil personas, y agreg\u00f3 que se estudiar\u00e1 extender la medida a encuentros m\u00e1s\nnumerosos aunque est\u00e9n muy comprometidos, cuando el pa\u00eds cuenta ya cinco\ndecesos y 2 mil 369 contagios. El presidente federal de Alemania, Frank-Walter\nSteinmeier, cancel\u00f3 sus viajes a M\u00e9xico y Costa Rica, programados para el d\u00eda\n30.<\/p>\n\n\n\n<p>Grecia, Noruega, Austria, Polonia,\nGuyana, Azerbaiy\u00e1n y Argelia confirmaron cada uno un fallecido.<\/p>\n\n\n\n<p>Las autoridades de Ir\u00e1n, otra de las\nnaciones m\u00e1s afectadas por la enfermedad, con 429 decesos y 10 mil 75 enfermos,\nsolicitaron un pr\u00e9stamo de 5 millones de d\u00f3lares al Fondo Monetario\nInternacional y pidieron a la Organizaci\u00f3n de Naciones Unidas el levantamiento\nde las sanciones impuestas por Estados Unidos en represalia por su programa\nnuclear, que Teher\u00e1n niega tenga fines armamentistas.<\/p>\n\n\n\n<p>En Filipinas, el presidente Rodrigo\nDuterte anunci\u00f3 una cuarentena comunitaria en Manila, luego de que reportaron\ncinco fallecidos y 52 infectados a nivel nacional.<\/p>\n\n\n\n<p>Las p\u00e1ginas de la Organizaci\u00f3n Mundial\nde la Salud en espa\u00f1ol (https:\/\/bit.ly\/39I4sMx) y en ingl\u00e9s\n(https:\/\/bit.ly\/2TKgRKc) y de la Organizaci\u00f3n Panamericana de la Salud\n(https:\/\/bit.ly\/2w22V5l) brindan m\u00e1s detalles sobre el Covid-19.<\/p>\n\n\n\n<p>(Con informaci\u00f3n de agencias\ninternacionales)<\/p>\n","protected":false},"excerpt":{"rendered":"<p>Redacci\u00f3n\/Zona Roja Cdmx. Ciudad de M\u00e9xico, 13 de marzo de 2020.- A la par de&hellip;<\/p>\n","protected":false},"author":2,"featured_media":9508,"comment_status":"closed","ping_status":"open","sticky":false,"template":"","format":"standard","meta":{"_lmt_disableupdate":"","_lmt_disable":"","_jetpack_memberships_contains_paid_content":false,"footnotes":""},"categories":[109,47],"tags":[1328],"class_list":["post-9817","post","type-post","status-publish","format-standard","has-post-thumbnail","hentry","category-minuto-a-minuto","category-zona-gris","tag-coronavirus-mexico"],"jetpack_featured_media_url":"https:\/\/zonaroja.com.mx\/wp-content\/uploads\/2020\/03\/Coronavirus-Covid.jpg","jetpack_sharing_enabled":true,"_links":{"self":[{"href":"https:\/\/zonaroja.com.mx\/index.php?rest_route=\/wp\/v2\/posts\/9817","targetHints":{"allow":["GET"]}}],"collection":[{"href":"https:\/\/zonaroja.com.mx\/index.php?rest_route=\/wp\/v2\/posts"}],"about":[{"href":"https:\/\/zonaroja.com.mx\/index.php?rest_route=\/wp\/v2\/types\/post"}],"author":[{"embeddable":true,"href":"https:\/\/zonaroja.com.mx\/index.php?rest_route=\/wp\/v2\/users\/2"}],"replies":[{"embeddable":true,"href":"https:\/\/zonaroja.com.mx\/index.php?rest_route=%2Fwp%2Fv2%2Fcomments&post=9817"}],"version-history":[{"count":1,"href":"https:\/\/zonaroja.com.mx\/index.php?rest_route=\/wp\/v2\/posts\/9817\/revisions"}],"predecessor-version":[{"id":9818,"href":"https:\/\/zonaroja.com.mx\/index.php?rest_route=\/wp\/v2\/posts\/9817\/revisions\/9818"}],"wp:featuredmedia":[{"embeddable":true,"href":"https:\/\/zonaroja.com.mx\/index.php?rest_route=\/wp\/v2\/media\/9508"}],"wp:attachment":[{"href":"https:\/\/zonaroja.com.mx\/index.php?rest_route=%2Fwp%2Fv2%2Fmedia&parent=9817"}],"wp:term":[{"taxonomy":"category","embeddable":true,"href":"https:\/\/zonaroja.com.mx\/index.php?rest_route=%2Fwp%2Fv2%2Fcategories&post=9817"},{"taxonomy":"post_tag","embeddable":true,"href":"https:\/\/zonaroja.com.mx\/index.php?rest_route=%2Fwp%2Fv2%2Ftags&post=9817"}],"curies":[{"name":"wp","href":"https:\/\/api.w.org\/{rel}","templated":true}]}}