{"id":9819,"date":"2020-03-13T07:34:38","date_gmt":"2020-03-13T13:34:38","guid":{"rendered":"http:\/\/www.zonaroja.com.mx\/?p=9819"},"modified":"2020-03-13T07:34:40","modified_gmt":"2020-03-13T13:34:40","slug":"ante-coronavirus-exhorta-ieepo-a-reforzar-en-escuelas-las-medidas-preventivas","status":"publish","type":"post","link":"https:\/\/zonaroja.com.mx\/?p=9819","title":{"rendered":"Ante coronavirus, exhorta IEEPO a reforzar en escuelas las medidas preventivas"},"content":{"rendered":"\n<p>Redacci\u00f3n\/Zona Roja.<\/p>\n\n\n\n<p>Oaxaca de Ju\u00e1rez, Oax., 13 de marzo de\n2020.- El Instituto Estatal de Educaci\u00f3n P\u00fablica de Oaxaca (IEEPO), exhorta a\nlos planteles educativos de nivel b\u00e1sico en la entidad a reforzar las medidas\nsanitarias recomendadas por las Secretar\u00edas de Salud de los gobiernos federal y\nestatal, para prevenir padecimientos respiratorios.<\/p>\n\n\n\n<p>Siguiendo los lineamientos del\ngobernador Alejandro Murat Hinojosa, el director general del organismo,\nFrancisco \u00c1ngel Villarreal, destac\u00f3 la importancia de atender los protocolos\ncorrespondientes para prevenir contagios entre los estudiantes, docentes y\npersonal educativo de preescolar, primaria, secundaria y educaci\u00f3n normal, en\nsus diferentes modalidades.<\/p>\n\n\n\n<p>Este mi\u00e9rcoles 11 de marzo, el secretario\nde Educaci\u00f3n P\u00fablica, Esteban Moctezuma Barrag\u00e1n, luego de un conversatorio con\n70 ministros de educaci\u00f3n convocada por la UNESCO, se\u00f1al\u00f3 que actualmente las\nmedidas que se est\u00e1n tomando en las escuelas ante el coronavirus COVID-19 se\nbasan en la prevenci\u00f3n.<\/p>\n\n\n\n<p>Como parte de los protocolos a seguir\nen esta primera fase de prevenci\u00f3n, Moctezuma Barrag\u00e1n mencion\u00f3 reglas b\u00e1sicas\ncomo el lavarse frecuentemente las manos con agua y jab\u00f3n o con gel a base de\nalcohol, por lo menos al 70%.<\/p>\n\n\n\n<p>Asimismo, pidi\u00f3 mantener limpias las\n\u00e1reas de uso com\u00fan en las escuelas, como barandales, escritorios, mesas y\nsillas, e impulsar un nuevo saludo en la comunidad escolar en el que no sea\nnecesario el contacto f\u00edsico entre las personas.<\/p>\n\n\n\n<p>LAS RECOMENDACIONES<\/p>\n\n\n\n<p>El saludo m\u00e1s adecuado ser\u00eda llevarse\nla mano al coraz\u00f3n y al mismo tiempo hacer una reverencia como muestra de\nrespeto, que adem\u00e1s tiene antecedentes de nuestros pueblos originarios.<\/p>\n\n\n\n<p>Por otra parte, se recomienda cubrirse\nla boca con un pa\u00f1uelo o con el \u00e1ngulo interno del brazo al toser o estornudar\ny no tocarse la cara con las manos sucias.<\/p>\n\n\n\n<p>Otra medida que debe tomarse en cuenta,\nes establecer un filtro familiar, entre madres, padres de familia y tutores,\npara identificar en sus hijos y todos los miembros del hogar, s\u00edntomas de\ninfecciones respiratorias como fiebre, tos, dolor de garganta o escurrimiento\nnasal abundante y de esta manera reciban atenci\u00f3n m\u00e9dica oportuna.<\/p>\n\n\n\n<p>De presentarse estas sintomatolog\u00edas es\nrecomendable no enviar a los ni\u00f1os a la escuela y acudir a la unidad de salud\nm\u00e1s cercana. Para mayor informaci\u00f3n puede consultar las redes sociales del\nInstituto, la p\u00e1gina web institucional www.oaxaca.gob.mx\/ieepo\/ o comunicarse\nal 800 4 33 7615.<\/p>\n","protected":false},"excerpt":{"rendered":"<p>Redacci\u00f3n\/Zona Roja. Oaxaca de Ju\u00e1rez, Oax., 13 de marzo de 2020.- El Instituto Estatal de&hellip;<\/p>\n","protected":false},"author":2,"featured_media":9820,"comment_status":"closed","ping_status":"open","sticky":false,"template":"","format":"standard","meta":{"_lmt_disableupdate":"","_lmt_disable":"","_jetpack_memberships_contains_paid_content":false,"footnotes":""},"categories":[109,46],"tags":[1497],"class_list":["post-9819","post","type-post","status-publish","format-standard","has-post-thumbnail","hentry","category-minuto-a-minuto","category-zona-blanca","tag-coronavirus-en-oaxaca"],"jetpack_featured_media_url":"https:\/\/zonaroja.com.mx\/wp-content\/uploads\/2020\/03\/lavado-de-manos.jpg","jetpack_sharing_enabled":true,"_links":{"self":[{"href":"https:\/\/zonaroja.com.mx\/index.php?rest_route=\/wp\/v2\/posts\/9819","targetHints":{"allow":["GET"]}}],"collection":[{"href":"https:\/\/zonaroja.com.mx\/index.php?rest_route=\/wp\/v2\/posts"}],"about":[{"href":"https:\/\/zonaroja.com.mx\/index.php?rest_route=\/wp\/v2\/types\/post"}],"author":[{"embeddable":true,"href":"https:\/\/zonaroja.com.mx\/index.php?rest_route=\/wp\/v2\/users\/2"}],"replies":[{"embeddable":true,"href":"https:\/\/zonaroja.com.mx\/index.php?rest_route=%2Fwp%2Fv2%2Fcomments&post=9819"}],"version-history":[{"count":1,"href":"https:\/\/zonaroja.com.mx\/index.php?rest_route=\/wp\/v2\/posts\/9819\/revisions"}],"predecessor-version":[{"id":9821,"href":"https:\/\/zonaroja.com.mx\/index.php?rest_route=\/wp\/v2\/posts\/9819\/revisions\/9821"}],"wp:featuredmedia":[{"embeddable":true,"href":"https:\/\/zonaroja.com.mx\/index.php?rest_route=\/wp\/v2\/media\/9820"}],"wp:attachment":[{"href":"https:\/\/zonaroja.com.mx\/index.php?rest_route=%2Fwp%2Fv2%2Fmedia&parent=9819"}],"wp:term":[{"taxonomy":"category","embeddable":true,"href":"https:\/\/zonaroja.com.mx\/index.php?rest_route=%2Fwp%2Fv2%2Fcategories&post=9819"},{"taxonomy":"post_tag","embeddable":true,"href":"https:\/\/zonaroja.com.mx\/index.php?rest_route=%2Fwp%2Fv2%2Ftags&post=9819"}],"curies":[{"name":"wp","href":"https:\/\/api.w.org\/{rel}","templated":true}]}}