{"id":9822,"date":"2020-03-13T09:06:43","date_gmt":"2020-03-13T15:06:43","guid":{"rendered":"http:\/\/www.zonaroja.com.mx\/?p=9822"},"modified":"2020-03-13T09:07:17","modified_gmt":"2020-03-13T15:07:17","slug":"la-casa-de-la-cultura-suspende-talleres-y-actividades-hasta-nuevo-aviso","status":"publish","type":"post","link":"https:\/\/zonaroja.com.mx\/?p=9822","title":{"rendered":"La Casa de la Cultura suspende talleres y actividades hasta nuevo aviso"},"content":{"rendered":"\n<p>Redacci\u00f3n\/Zona Roja.<\/p>\n\n\n\n<p>Oaxaca de Ju\u00e1rez, Oax., 13 de marzo de\n2020.- Como parte de las medidas oficiales para evitar contagios por el\ncoronavirus, la Casa de la Cultura Oaxaque\u00f1a (CCO) anunci\u00f3 la suspensi\u00f3n de\ntalleres y otras actividades p\u00fablicas.<\/p>\n\n\n\n<p>En un comunicado, el gobierno estatal\nindic\u00f3 que esta medida incluye la suspensi\u00f3n de todas las actividades p\u00fablicas\nde concurrencia masiva, con la finalidad de salvaguardar la seguridad de los\nmil 690 alumnos y alumnas que asisten a los 250 talleres impartidos por 55\ndocentes, as\u00ed como de los visitantes a la CCO.<\/p>\n\n\n\n<p>En ese sentido, el director general de\nla Casa de la Cultura Oaxaque\u00f1a, Jes\u00fas Emilio de Leo Blanco, exhort\u00f3 a los\nmaestros, as\u00ed como a las madres y padres de familia, a mantenerse informados\nsobre las medidas de prevenci\u00f3n que hay que adoptar para evitar contagios,\nadem\u00e1s de estar pendientes de las redes oficiales de la CCO donde se informar\u00e1\nel reinicio de las actividades.<\/p>\n\n\n\n<p>Por lo anterior, se anunci\u00f3 sobre la\nsuspensi\u00f3n de la \u201cNoche de Ronda\u201d programada para este viernes 13 de marzo en\nla explanada principal de la Casa de la Cultura Oaxaque\u00f1a.<\/p>\n\n\n\n<p>REALIZAN SESI\u00d3N<\/p>\n\n\n\n<p>Por otra parte, para dar cumplimiento a\nla instrucci\u00f3n del titular del Poder Ejecutivo estatal y observar un adecuado\ntrabajo de planeaci\u00f3n y fortalecimiento&nbsp;\nen beneficio de los usuarios de la Casa de la Cultura, se realiz\u00f3 la segunda\nsesi\u00f3n ordinaria de la Junta Directiva de este Organismo descentralizado,\ncorrespondiente al ejercicio&nbsp; 2020.<\/p>\n\n\n\n<p>Dicho acto fue encabezado por la\nSecretaria de las Culturas y Artes de Oaxaca (Seculta), Karla Villaca\u00f1a\nQuevedo, en su calidad de presidenta suplente de este \u00f3rgano de gobierno.<\/p>\n\n\n\n<p>Al respecto, la titular de la Seculta\nexpuso la importancia de fortalecer las acciones de desarrollo cultural y\nart\u00edstico, en concordancia con los cuatro ejes que rigen las pol\u00edticas\nculturales en la entidad y sumar esfuerzos para potencializar los programas acad\u00e9micos\ny de promoci\u00f3n.<\/p>\n\n\n\n<p>Con este acto, las sesiones ordinarias\nposteriores permitir\u00e1n identificar las acciones importantes de la Casa de la\nCultura Oaxaque\u00f1a, as\u00ed como la planeaci\u00f3n de las mismas y su integraci\u00f3n a los\nprogramas que Seculta ejecuta como cabeza del sector cultural.<\/p>\n","protected":false},"excerpt":{"rendered":"<p>Redacci\u00f3n\/Zona Roja. Oaxaca de Ju\u00e1rez, Oax., 13 de marzo de 2020.- Como parte de las&hellip;<\/p>\n","protected":false},"author":2,"featured_media":9824,"comment_status":"closed","ping_status":"open","sticky":false,"template":"","format":"standard","meta":{"_lmt_disableupdate":"","_lmt_disable":"","_jetpack_memberships_contains_paid_content":false,"footnotes":""},"categories":[109,46],"tags":[541,1498],"class_list":["post-9822","post","type-post","status-publish","format-standard","has-post-thumbnail","hentry","category-minuto-a-minuto","category-zona-blanca","tag-casa-de-la-cultura-oaxaquena","tag-emilio-de-leo-blanco"],"jetpack_featured_media_url":"https:\/\/zonaroja.com.mx\/wp-content\/uploads\/2020\/03\/IMG_0132-1.jpg","jetpack_sharing_enabled":true,"_links":{"self":[{"href":"https:\/\/zonaroja.com.mx\/index.php?rest_route=\/wp\/v2\/posts\/9822","targetHints":{"allow":["GET"]}}],"collection":[{"href":"https:\/\/zonaroja.com.mx\/index.php?rest_route=\/wp\/v2\/posts"}],"about":[{"href":"https:\/\/zonaroja.com.mx\/index.php?rest_route=\/wp\/v2\/types\/post"}],"author":[{"embeddable":true,"href":"https:\/\/zonaroja.com.mx\/index.php?rest_route=\/wp\/v2\/users\/2"}],"replies":[{"embeddable":true,"href":"https:\/\/zonaroja.com.mx\/index.php?rest_route=%2Fwp%2Fv2%2Fcomments&post=9822"}],"version-history":[{"count":1,"href":"https:\/\/zonaroja.com.mx\/index.php?rest_route=\/wp\/v2\/posts\/9822\/revisions"}],"predecessor-version":[{"id":9825,"href":"https:\/\/zonaroja.com.mx\/index.php?rest_route=\/wp\/v2\/posts\/9822\/revisions\/9825"}],"wp:featuredmedia":[{"embeddable":true,"href":"https:\/\/zonaroja.com.mx\/index.php?rest_route=\/wp\/v2\/media\/9824"}],"wp:attachment":[{"href":"https:\/\/zonaroja.com.mx\/index.php?rest_route=%2Fwp%2Fv2%2Fmedia&parent=9822"}],"wp:term":[{"taxonomy":"category","embeddable":true,"href":"https:\/\/zonaroja.com.mx\/index.php?rest_route=%2Fwp%2Fv2%2Fcategories&post=9822"},{"taxonomy":"post_tag","embeddable":true,"href":"https:\/\/zonaroja.com.mx\/index.php?rest_route=%2Fwp%2Fv2%2Ftags&post=9822"}],"curies":[{"name":"wp","href":"https:\/\/api.w.org\/{rel}","templated":true}]}}