{"id":9833,"date":"2020-03-13T14:07:11","date_gmt":"2020-03-13T20:07:11","guid":{"rendered":"https:\/\/www.zonaroja.com.mx\/?p=9833"},"modified":"2020-03-13T14:07:13","modified_gmt":"2020-03-13T20:07:13","slug":"ahora-en-tecnologico-de-tuxtepec-alumnas-denuncian-acoso","status":"publish","type":"post","link":"https:\/\/zonaroja.com.mx\/?p=9833","title":{"rendered":"Ahora en Tecnol\u00f3gico de Tuxtepec, alumnas denuncian acoso"},"content":{"rendered":"\n<p class=\"MsoNormal\">Yuridiana Sosa\/Zona Roja.&nbsp;<\/p>\n\n\n\n<p class=\"MsoNormal\">San Juan Bautista Tuxtepec, Oax., 13 de marzo de 2020.- Alumnas y alumnos del Instituto Tecnol\u00f3gico de Tuxtepec, dependiente del Instituto Nacional de M\u00e9xico, se manifestaron&nbsp;<a href=\"\/\/1\">este viernes<\/a>&nbsp;para denunciar el acoso sexual por parte de un trabajador administrativo del plantel ubicado en la regi\u00f3n de la Cuenca.<\/p>\n\n\n\n<p class=\"MsoNormal\">El se\u00f1alamiento lo encabezaron alumnas de octavo semestre de la carrera de Ingenier\u00eda Civil, quienes han sufrido el acoso sexual y hostigamiento del encargado del \u00e1rea de laboratorio de esa facultad, identificado como Apolinar Soriano, quien cuenta con antecedentes de este tipo de abusos.<\/p>\n\n\n\n<p class=\"MsoNormal\">Pero existen alumnas de otros semestres que tambi\u00e9n son v\u00edctimas del trabajador. La afectadas indicaron que uno de los casos m\u00e1s recientes y alarmantes ocurri\u00f3 contra una estudiante de segundo semestre, a quien Apolinar trat\u00f3 de jalar.<\/p>\n\n\n\n<p class=\"MsoNormal\">Los estudiantes colocaron cartulinas en la entrada principal de la instituci\u00f3n, en la que exigen a la direcci\u00f3n el despido de Apolinar, quien s\u00f3lo ha sido removido a distintas \u00e1reas en el plantel ante los reportes de las estudiantes e incluso de las docentes sobre su conducta inapropiada.<\/p>\n\n\n\n<p class=\"MsoNormal\">\u201cFuera acosador\u201d, \u201cFuera Pol\u00edn\u201d, \u201cBasta de acoso\u201d, \u201cNo queremos tus piropos, queremos tu respeto\u201d, se le\u00eda en algunas de las cartulinas.&nbsp;<\/p>\n\n\n\n<p class=\"MsoNormal\"> Desde ayer por la tarde se iniciaron las manifestaciones en el Tecnol\u00f3gico de Tuxtepec y las denuncias se suman a los m\u00faltiples casos que han surgido en escuelas de Oaxaca, tanto del nivel medio superior como superior. <\/p>\n","protected":false},"excerpt":{"rendered":"<p>Yuridiana Sosa\/Zona Roja.&nbsp; San Juan Bautista Tuxtepec, Oax., 13 de marzo de 2020.- Alumnas y&hellip;<\/p>\n","protected":false},"author":2,"featured_media":9832,"comment_status":"closed","ping_status":"open","sticky":false,"template":"","format":"standard","meta":{"_lmt_disableupdate":"","_lmt_disable":"","_jetpack_memberships_contains_paid_content":false,"footnotes":""},"categories":[109,47],"tags":[1501],"class_list":["post-9833","post","type-post","status-publish","format-standard","has-post-thumbnail","hentry","category-minuto-a-minuto","category-zona-gris","tag-acoso-instituto-tecnologico-de-tuxtepec"],"jetpack_featured_media_url":"https:\/\/zonaroja.com.mx\/wp-content\/uploads\/2020\/03\/a510c19f-a324-4dd7-aa6e-d19371383871.jpg","jetpack_sharing_enabled":true,"_links":{"self":[{"href":"https:\/\/zonaroja.com.mx\/index.php?rest_route=\/wp\/v2\/posts\/9833","targetHints":{"allow":["GET"]}}],"collection":[{"href":"https:\/\/zonaroja.com.mx\/index.php?rest_route=\/wp\/v2\/posts"}],"about":[{"href":"https:\/\/zonaroja.com.mx\/index.php?rest_route=\/wp\/v2\/types\/post"}],"author":[{"embeddable":true,"href":"https:\/\/zonaroja.com.mx\/index.php?rest_route=\/wp\/v2\/users\/2"}],"replies":[{"embeddable":true,"href":"https:\/\/zonaroja.com.mx\/index.php?rest_route=%2Fwp%2Fv2%2Fcomments&post=9833"}],"version-history":[{"count":1,"href":"https:\/\/zonaroja.com.mx\/index.php?rest_route=\/wp\/v2\/posts\/9833\/revisions"}],"predecessor-version":[{"id":9834,"href":"https:\/\/zonaroja.com.mx\/index.php?rest_route=\/wp\/v2\/posts\/9833\/revisions\/9834"}],"wp:featuredmedia":[{"embeddable":true,"href":"https:\/\/zonaroja.com.mx\/index.php?rest_route=\/wp\/v2\/media\/9832"}],"wp:attachment":[{"href":"https:\/\/zonaroja.com.mx\/index.php?rest_route=%2Fwp%2Fv2%2Fmedia&parent=9833"}],"wp:term":[{"taxonomy":"category","embeddable":true,"href":"https:\/\/zonaroja.com.mx\/index.php?rest_route=%2Fwp%2Fv2%2Fcategories&post=9833"},{"taxonomy":"post_tag","embeddable":true,"href":"https:\/\/zonaroja.com.mx\/index.php?rest_route=%2Fwp%2Fv2%2Ftags&post=9833"}],"curies":[{"name":"wp","href":"https:\/\/api.w.org\/{rel}","templated":true}]}}