{"id":9835,"date":"2020-03-13T16:42:27","date_gmt":"2020-03-13T22:42:27","guid":{"rendered":"https:\/\/www.zonaroja.com.mx\/?p=9835"},"modified":"2020-03-13T16:42:30","modified_gmt":"2020-03-13T22:42:30","slug":"crece-panico-por-coronavirus-ayuntamiento-de-oaxaca-de-juarez-cancela-tambien-actividades","status":"publish","type":"post","link":"https:\/\/zonaroja.com.mx\/?p=9835","title":{"rendered":"Crece p\u00e1nico por coronavirus; ayuntamiento de Oaxaca de Ju\u00e1rez cancela tambi\u00e9n actividades"},"content":{"rendered":"\n<p> Redacci\u00f3n\/Zona Roja. <\/p>\n\n\n\n<p>Oaxaca de Ju\u00e1rez, Oax., a 13 de marzo de2020.- El p\u00e1nico por los crecientes casos de coronavirus en el mundo alcanz\u00f3 tambi\u00e9n a la capital de Oaxaca. El ayuntamiento inform\u00f3 hoy que, para reducir la probabilidad de exposici\u00f3n y transmisi\u00f3n del virus Covid-19 ha determinado tomar las siguientes medidas:<\/p>\n\n\n\n<ol class=\"wp-block-list\"><li>Se cancelan todos los eventos y espect\u00e1culos p\u00fablicos gubernamentales y no gubernamentales en el municipio de Oaxaca de Ju\u00e1rez hasta nuevo aviso, exhortando a la poblaci\u00f3n a atender las recomendaciones de la Secretar\u00eda de Salud federal y de la Organizaci\u00f3n Mundial de la Salud (OMS) sobre el coronavirus (Covid-19) y las medidas de prevenci\u00f3n.<\/li><li>El gobierno municipal no autorizar\u00e1 ning\u00fan tipo de evento y\/o espect\u00e1culo p\u00fablico, en espacios cerrados o abiertos, por lo que se solicita a la ciudadan\u00eda evitar la organizaci\u00f3n de \u00e9stos, hasta nuevo aviso.<\/li><li>Los eventos del ayuntamiento de Oaxaca de Ju\u00e1rez que se cancelan a partir de este viernes 13 de marzo son:<\/li><\/ol>\n\n\n\n<ul class=\"wp-block-list\"><li>D\u00eda de la Samaritana, en el templo de la Preciosa Sangre de Cristo.<\/li><li>Renovaci\u00f3n de Comit\u00e9s de Vida Vecinal.<\/li><li>Cine comunitario en tu colonia \u201cLa Pantalla Andante\u201d, en la Agencia Municipal de Pueblo Nuevo.<\/li><li>Taller de Comunicaci\u00f3n Efectiva en la Agencia de Polic\u00eda de Cinco Se\u00f1ores.<\/li><li>Concierto Grupo La Furia con Lujuria Sonidera, en coordinaci\u00f3n con el Consejo Regulador del Mezcal, en Plaza de la Danza.<\/li><li>Torneo Infantil de Futbol \u201cCopa Ciudad de Oaxaca\u201d 2019-2020.<\/li><li>Mensaje de Paz y Sanaci\u00f3n de Ren\u00e9 May, en la Agencia de Polic\u00eda de Candiani.<\/li><\/ul>\n\n\n\n<ol class=\"wp-block-list\" start=\"4\"><li>Las sesiones de Cabildo del ayuntamiento se efectuar\u00e1n sin acceso al p\u00fablico.<\/li><li>Es importante destacar que la ciudadan\u00eda desempe\u00f1a un papel fundamental para reducir la probabilidad de transmisi\u00f3n del virus, realizando medidas adecuadas de higiene personal y de los entornos del hogar y de empleo, tales como lavarse constantemente las manos con agua y con jab\u00f3n, o utilizar soluciones a base de alcohol gel al 70%, al toser o estornudar cubrirse con un pa\u00f1uelo o con el \u00e1ngulo interno del brazo, limpiar y desinfectar superficies y objetos de uso com\u00fan, entre otras.<\/li><li>Se exhorta a la poblaci\u00f3n a mantenerse informada a trav\u00e9s de la p\u00e1gina oficial de la Secretar\u00eda de Salud del Gobierno de M\u00e9xico&nbsp;<a href=\"http:\/\/www.gob.mx\/salud\/documentos\/nuevo-coronavirus\">gob.mx\/salud\/documentos\/nuevo-coronavirus<\/a>&nbsp;y evitar la difusi\u00f3n de informaci\u00f3n falsa sobre el Covic -19.<\/li><li>Ante la sospecha de contagio, acudir inmediatamente a la Unidad de Salud m\u00e1s cercana a tu domicilio y llama a la Unidad de Inteligencia para Emergencias en Salud (UIES) a los tel\u00e9fonos&nbsp;<a href=\"tel:516%208242%20\/%20516%201220\">516 8242 \/ 516 1220<\/a>.<\/li><\/ol>\n\n\n\n<p>\u201cEl ayuntamiento de Oaxaca de Ju\u00e1rez reitera a la ciudadan\u00eda que, en esta etapa de prevenci\u00f3n a nivel nacional, la prioridad es salvaguardar la salud para reducir la probabilidad de exposici\u00f3n y transmisi\u00f3n del coronavirus\u201d, expuso en el comunicado.<\/p>\n\n\n\n<p>Agreg\u00f3 que las actividades administrativas y servicios que brinda el Gobierno Municipal de la ciudad capital continuar\u00e1n desarroll\u00e1ndose de manera normal, atendiendo las recomendaciones en materia sanitaria emitidas por la Secretar\u00eda de Salud federal.<\/p>\n","protected":false},"excerpt":{"rendered":"<p>Redacci\u00f3n\/Zona Roja. Oaxaca de Ju\u00e1rez, Oax., a 13 de marzo de2020.- El p\u00e1nico por los&hellip;<\/p>\n","protected":false},"author":2,"featured_media":8288,"comment_status":"closed","ping_status":"open","sticky":false,"template":"","format":"standard","meta":{"_lmt_disableupdate":"","_lmt_disable":"","_jetpack_memberships_contains_paid_content":false,"footnotes":""},"categories":[109,47],"tags":[],"class_list":["post-9835","post","type-post","status-publish","format-standard","has-post-thumbnail","hentry","category-minuto-a-minuto","category-zona-gris"],"jetpack_featured_media_url":"https:\/\/zonaroja.com.mx\/wp-content\/uploads\/2020\/02\/Ciudad-de-Oaxaca.png","jetpack_sharing_enabled":true,"_links":{"self":[{"href":"https:\/\/zonaroja.com.mx\/index.php?rest_route=\/wp\/v2\/posts\/9835","targetHints":{"allow":["GET"]}}],"collection":[{"href":"https:\/\/zonaroja.com.mx\/index.php?rest_route=\/wp\/v2\/posts"}],"about":[{"href":"https:\/\/zonaroja.com.mx\/index.php?rest_route=\/wp\/v2\/types\/post"}],"author":[{"embeddable":true,"href":"https:\/\/zonaroja.com.mx\/index.php?rest_route=\/wp\/v2\/users\/2"}],"replies":[{"embeddable":true,"href":"https:\/\/zonaroja.com.mx\/index.php?rest_route=%2Fwp%2Fv2%2Fcomments&post=9835"}],"version-history":[{"count":1,"href":"https:\/\/zonaroja.com.mx\/index.php?rest_route=\/wp\/v2\/posts\/9835\/revisions"}],"predecessor-version":[{"id":9836,"href":"https:\/\/zonaroja.com.mx\/index.php?rest_route=\/wp\/v2\/posts\/9835\/revisions\/9836"}],"wp:featuredmedia":[{"embeddable":true,"href":"https:\/\/zonaroja.com.mx\/index.php?rest_route=\/wp\/v2\/media\/8288"}],"wp:attachment":[{"href":"https:\/\/zonaroja.com.mx\/index.php?rest_route=%2Fwp%2Fv2%2Fmedia&parent=9835"}],"wp:term":[{"taxonomy":"category","embeddable":true,"href":"https:\/\/zonaroja.com.mx\/index.php?rest_route=%2Fwp%2Fv2%2Fcategories&post=9835"},{"taxonomy":"post_tag","embeddable":true,"href":"https:\/\/zonaroja.com.mx\/index.php?rest_route=%2Fwp%2Fv2%2Ftags&post=9835"}],"curies":[{"name":"wp","href":"https:\/\/api.w.org\/{rel}","templated":true}]}}