{"id":9837,"date":"2020-03-13T17:50:42","date_gmt":"2020-03-13T23:50:42","guid":{"rendered":"http:\/\/www.zonaroja.com.mx\/?p=9837"},"modified":"2020-03-13T17:51:02","modified_gmt":"2020-03-13T23:51:02","slug":"marchan-para-exigir-a-fiscalia-localizacion-de-estudiante-en-tuxtepec","status":"publish","type":"post","link":"https:\/\/zonaroja.com.mx\/?p=9837","title":{"rendered":"Marchan para exigir a Fiscal\u00eda localizaci\u00f3n de estudiante en Tuxtepec"},"content":{"rendered":"\n<p>Yuridiana Sosa\/Zona Roja.<\/p>\n\n\n\n<p>San Juan Bautista Tuxtepec, Oax., 13 de\nmayo de 2020.- Estudiantes de la Universidad del Papaloapan (Unpa), campus\nTuxtepec, marcharon este viernes para exigir la localizaci\u00f3n inmediata con vida\nde su compa\u00f1era Wendy Dublan Lorenzo, desaparecida desde el pasado mi\u00e9rcoles.<\/p>\n\n\n\n<p>Las consignas para demandar justicia\npor la estudiante de segundo semestre de la licenciatura de Enfermer\u00eda fueron\ndirigidas a los tres niveles de gobierno, que en conjunto no han logrado\ngarantizar la seguridad de los cuidados en la regi\u00f3n y donde en el municipio de\nTuxtepec son cada vez m\u00e1s continuos los casos de desaparici\u00f3n de j\u00f3venes y\nadolescentes.<\/p>\n\n\n\n<p>\u201cTuxtepec despierta, no seas indiferente con tus estudiantes. Tuxtepec soy estudiante, soy for\u00e1nea y quiero caminar con libertad en tu ciudad\u201d, \u201cSomos estudiantes, queremos justicia\u201d, se escuch\u00f3 durante el recorrido que los universitarios realizaron por las principales calles del centro de la ciudad.<\/p>\n\n\n\n<figure class=\"wp-block-embed-twitter wp-block-embed is-type-rich is-provider-twitter\"><div class=\"wp-block-embed__wrapper\">\n<div class=\"twitter-tweet\"><blockquote class=\"twitter-tweet\" data-lang=\"es\"><p lang=\"es\" dir=\"ltr\"><a href=\"https:\/\/twitter.com\/hashtag\/FeminicidioEmergenciaNacional?src=hash&amp;ref_src=twsrc%5Etfw\">#FeminicidioEmergenciaNacional<\/a> <br>Tras denuncias en el Tecnol\u00f3gico de Tuxtepec, ahora estudiantes de la Universidad del Papaloapan marchan en esa ciudad para exigir la localizaci\u00f3n inmediata de Wendy Dubl\u00e1n, alumna de segundo semestre, Facultad de Enfermer\u00eda.<br>Video: <a href=\"https:\/\/twitter.com\/YuriSosa04?ref_src=twsrc%5Etfw\">@YuriSosa04<\/a> <a href=\"https:\/\/t.co\/9WmNzsfZE4\">pic.twitter.com\/9WmNzsfZE4<\/a><\/p>&mdash; Zona Roja Oaxaca (@MexRoja) <a href=\"https:\/\/twitter.com\/MexRoja\/status\/1238565045044461569?ref_src=twsrc%5Etfw\">13 de marzo de 2020<\/a><\/blockquote><\/div>\n<\/div><\/figure>\n\n\n\n<p>La joven desaparecida desde el 11 de\nmarzo tiene 19 a\u00f1os de edad. Al momento de su desaparici\u00f3n, portaba la filipina\ncon el escudo de la Universidad (Unpa).<\/p>\n\n\n\n<p>De acuerdo con la ficha emitida por la\nUnidad de B\u00fasqueda de Personas Desaparecidas y No Localizadas de la Fiscal\u00eda\nGeneral de Oaxaca, fue vista por \u00faltima vez en la colonia Parque Industrial, es\ndecir, en inmediaciones del plantel educativo.<\/p>\n\n\n\n<p>La familia de la joven ya recibe apoyo\nde activistas sociales por la defensa de los derechos de las mujeres. Pues\nadem\u00e1s, han recibido llamadas de supuestas personas que piden dinero a cambio\nde la supuesta libertad de la joven o para dar informaci\u00f3n de su paradero.<\/p>\n\n\n\n<p>En tanto, al mediod\u00eda de este jueves,\nun grupo de personas acudi\u00f3 a la sede de la Fiscal\u00eda General del Estado en el\ncomplejo gubernamental ubicado en Reyes Mantec\u00f3n, San Bartolo Coyotepec, para\nexigir a esa instancia se intensifique la b\u00fasqueda.<\/p>\n","protected":false},"excerpt":{"rendered":"<p>Yuridiana Sosa\/Zona Roja. San Juan Bautista Tuxtepec, Oax., 13 de mayo de 2020.- Estudiantes de&hellip;<\/p>\n","protected":false},"author":2,"featured_media":9838,"comment_status":"closed","ping_status":"open","sticky":false,"template":"","format":"standard","meta":{"_lmt_disableupdate":"","_lmt_disable":"","_jetpack_memberships_contains_paid_content":false,"footnotes":""},"categories":[109,47],"tags":[1502],"class_list":["post-9837","post","type-post","status-publish","format-standard","has-post-thumbnail","hentry","category-minuto-a-minuto","category-zona-gris","tag-marcha-tuxtepec-universidad-del-papaloapan"],"jetpack_featured_media_url":"https:\/\/zonaroja.com.mx\/wp-content\/uploads\/2020\/03\/Marcha-Unpa-Tuxtepec.png","jetpack_sharing_enabled":true,"_links":{"self":[{"href":"https:\/\/zonaroja.com.mx\/index.php?rest_route=\/wp\/v2\/posts\/9837","targetHints":{"allow":["GET"]}}],"collection":[{"href":"https:\/\/zonaroja.com.mx\/index.php?rest_route=\/wp\/v2\/posts"}],"about":[{"href":"https:\/\/zonaroja.com.mx\/index.php?rest_route=\/wp\/v2\/types\/post"}],"author":[{"embeddable":true,"href":"https:\/\/zonaroja.com.mx\/index.php?rest_route=\/wp\/v2\/users\/2"}],"replies":[{"embeddable":true,"href":"https:\/\/zonaroja.com.mx\/index.php?rest_route=%2Fwp%2Fv2%2Fcomments&post=9837"}],"version-history":[{"count":1,"href":"https:\/\/zonaroja.com.mx\/index.php?rest_route=\/wp\/v2\/posts\/9837\/revisions"}],"predecessor-version":[{"id":9839,"href":"https:\/\/zonaroja.com.mx\/index.php?rest_route=\/wp\/v2\/posts\/9837\/revisions\/9839"}],"wp:featuredmedia":[{"embeddable":true,"href":"https:\/\/zonaroja.com.mx\/index.php?rest_route=\/wp\/v2\/media\/9838"}],"wp:attachment":[{"href":"https:\/\/zonaroja.com.mx\/index.php?rest_route=%2Fwp%2Fv2%2Fmedia&parent=9837"}],"wp:term":[{"taxonomy":"category","embeddable":true,"href":"https:\/\/zonaroja.com.mx\/index.php?rest_route=%2Fwp%2Fv2%2Fcategories&post=9837"},{"taxonomy":"post_tag","embeddable":true,"href":"https:\/\/zonaroja.com.mx\/index.php?rest_route=%2Fwp%2Fv2%2Ftags&post=9837"}],"curies":[{"name":"wp","href":"https:\/\/api.w.org\/{rel}","templated":true}]}}