{"id":9842,"date":"2020-03-13T19:59:22","date_gmt":"2020-03-14T01:59:22","guid":{"rendered":"http:\/\/www.zonaroja.com.mx\/?p=9842"},"modified":"2020-03-13T19:59:27","modified_gmt":"2020-03-14T01:59:27","slug":"por-violencia-institucional-presentan-queja-ante-ddhpo-contra-autoridades","status":"publish","type":"post","link":"https:\/\/zonaroja.com.mx\/?p=9842","title":{"rendered":"Por violencia institucional, presentan queja ante DDHPO contra autoridades"},"content":{"rendered":"\n<p>Evlin Arag\u00f3n\/ <\/p>\n\n\n\n<p>Oaxaca de Ju\u00e1rez, Oax., 13 de marzo de\n2020.- Selene Georgina Padilla Cedillo present\u00f3 una queja ante la Defensor\u00eda de\nlos Derechos Humanos del Pueblo de Oaxaca (DDHPO), en contra de la jueza\nPrimero de lo Familiar, Leticia Meneses Concha, as\u00ed como de la agente del\nMinisterio P\u00fablico, Mar\u00eda Magdalena Sandoval, por actos de violencia\ninstitucional de los que ha sido v\u00edctima recientemente.<\/p>\n\n\n\n<p>De acuerdo con la denunciante, tras un\nproceso de divorcio, tiene que compartir la custodia de su hijo con su ex\npareja, a quien la jueza ha favorecido desde un inicio, pese a las denuncias de\namenazas que ha realizado de quedarse con el menor y no dejar que veo m\u00e1s su\nmadre.<\/p>\n\n\n\n<p>\u201cYo le he hecho saber a la juez que yo\nestoy en la zozobra, con el miedo, le he mostrado las capturas de pantalla\ndonde esta persona me manda seguir, me acosa, me amenaza con que me quitara a\nmi hijo&#8230; ella me dice que la zozobra es cosa del pasado y que la convivencia\nse tiene que seguir llevando a cabo de lo contrario me quitar\u00e1 a mi hijo y se\nlo dar\u00e1 al pap\u00e1\u201d, indic\u00f3 en conferencia de prensa.<\/p>\n\n\n\n<p>Desde el inicio del procedimiento, en el expediente se han hecho constar informes sobre los diferentes tipos de violencia ejercida por su ex pareja Felipe V\u00e1squez Cano, incluidas las amenazas anteriormente citadas, mismas que no han sido consideradas por la jueza pese a la insistencia de la joven mujer.<\/p>\n\n\n\n<figure class=\"wp-block-embed-twitter wp-block-embed is-type-rich is-provider-twitter\"><div class=\"wp-block-embed__wrapper\">\n<div class=\"twitter-tweet\"><blockquote class=\"twitter-tweet\" data-lang=\"es\"><p lang=\"es\" dir=\"ltr\"><a href=\"https:\/\/twitter.com\/hashtag\/FemeinicidiosEmergenciaNacional?src=hash&amp;ref_src=twsrc%5Etfw\">#FemeinicidiosEmergenciaNacional<\/a><br>(2) La joven madre denunci\u00f3 que las autoridades no est\u00e1n dando importancia a las denuncias de las mujeres en situaci\u00f3n de violencia y\/o abuso; Selene interpuso una queja en la DDHPO contra autoridades judiciales y de procuraci\u00f3n de justicia. <a href=\"https:\/\/t.co\/50jPFroDRd\">pic.twitter.com\/50jPFroDRd<\/a><\/p>&mdash; Zona Roja Oaxaca (@MexRoja) <a href=\"https:\/\/twitter.com\/MexRoja\/status\/1238630986755309568?ref_src=twsrc%5Etfw\">14 de marzo de 2020<\/a><\/blockquote><\/div>\n<\/div><\/figure>\n\n\n\n<p>Por lo anterior, se siente vulnerable\nen estos momentos al ser v\u00edctima de amenazas por su ex pareja y encima de\nviolencia institucional por parte de las autoridades que deber\u00edan ser neutrales\nante estos casos y no inclinarse por una de las dos partes que comparten la\ncustodia, raz\u00f3n por la que decidi\u00f3 acudir a otras instancias como la Defensor\u00eda\noaxaque\u00f1a.<\/p>\n\n\n\n<p>\u201cYo no quiero ser parte de las cifras\nde mujeres que ahorita ya no pueden regresar a sus casas&#8230; No me extra\u00f1ar\u00eda\nque el pap\u00e1 de mi hijo utilice su dinero para tener a las autoridades de su\nlado\u201d, argument\u00f3.<\/p>\n\n\n\n<p>Y es que, de acuerdo con el relato, la\nex pareja de la joven es due\u00f1o de Laboratorios San Francisco, empresa que tiene\nconvenio con el Gobierno de Oaxaca lo que ha derivado en omisiones por parte de\nla Fiscal\u00eda General del Estado cuyo personal la hizo dudar en cuanto presentar\no no la denuncia para iniciar el proceso de divorcio.<\/p>\n\n\n\n<p>Por ello, no dud\u00f3 en que est\u00e9\nutilizando sus recursos econ\u00f3micos y pol\u00edticos para verse favorecido por las\nautoridades que est\u00e1n dejando atr\u00e1s la legalidad con la deber\u00edan conducirse en\ncualquier tipo de casos y no s\u00f3lo en este de forma exclusiva.<\/p>\n\n\n\n<p>Finalmente puso de manifiesto que desde\nel momento de la separaci\u00f3n con su ex pareja -hace un a\u00f1o- se enfrent\u00f3 a todo\ntipo de difamaciones y violencia econ\u00f3mica, por lo que intervinieron peritos\npara determinar que dichos relacionados a que golpeaba a su hijo y consum\u00eda\ndrogas no eran ciertos.<\/p>\n","protected":false},"excerpt":{"rendered":"<p>Evlin Arag\u00f3n\/ Oaxaca de Ju\u00e1rez, Oax., 13 de marzo de 2020.- Selene Georgina Padilla Cedillo&hellip;<\/p>\n","protected":false},"author":2,"featured_media":9843,"comment_status":"closed","ping_status":"open","sticky":false,"template":"","format":"standard","meta":{"_lmt_disableupdate":"","_lmt_disable":"","_jetpack_memberships_contains_paid_content":false,"footnotes":""},"categories":[109,47],"tags":[1503],"class_list":["post-9842","post","type-post","status-publish","format-standard","has-post-thumbnail","hentry","category-minuto-a-minuto","category-zona-gris","tag-selene-padilla-cedillo"],"jetpack_featured_media_url":"https:\/\/zonaroja.com.mx\/wp-content\/uploads\/2020\/03\/Selene-Padilla.png","jetpack_sharing_enabled":true,"_links":{"self":[{"href":"https:\/\/zonaroja.com.mx\/index.php?rest_route=\/wp\/v2\/posts\/9842","targetHints":{"allow":["GET"]}}],"collection":[{"href":"https:\/\/zonaroja.com.mx\/index.php?rest_route=\/wp\/v2\/posts"}],"about":[{"href":"https:\/\/zonaroja.com.mx\/index.php?rest_route=\/wp\/v2\/types\/post"}],"author":[{"embeddable":true,"href":"https:\/\/zonaroja.com.mx\/index.php?rest_route=\/wp\/v2\/users\/2"}],"replies":[{"embeddable":true,"href":"https:\/\/zonaroja.com.mx\/index.php?rest_route=%2Fwp%2Fv2%2Fcomments&post=9842"}],"version-history":[{"count":1,"href":"https:\/\/zonaroja.com.mx\/index.php?rest_route=\/wp\/v2\/posts\/9842\/revisions"}],"predecessor-version":[{"id":9844,"href":"https:\/\/zonaroja.com.mx\/index.php?rest_route=\/wp\/v2\/posts\/9842\/revisions\/9844"}],"wp:featuredmedia":[{"embeddable":true,"href":"https:\/\/zonaroja.com.mx\/index.php?rest_route=\/wp\/v2\/media\/9843"}],"wp:attachment":[{"href":"https:\/\/zonaroja.com.mx\/index.php?rest_route=%2Fwp%2Fv2%2Fmedia&parent=9842"}],"wp:term":[{"taxonomy":"category","embeddable":true,"href":"https:\/\/zonaroja.com.mx\/index.php?rest_route=%2Fwp%2Fv2%2Fcategories&post=9842"},{"taxonomy":"post_tag","embeddable":true,"href":"https:\/\/zonaroja.com.mx\/index.php?rest_route=%2Fwp%2Fv2%2Ftags&post=9842"}],"curies":[{"name":"wp","href":"https:\/\/api.w.org\/{rel}","templated":true}]}}