{"id":9845,"date":"2020-03-13T20:27:14","date_gmt":"2020-03-14T02:27:14","guid":{"rendered":"http:\/\/www.zonaroja.com.mx\/?p=9845"},"modified":"2020-03-13T20:27:17","modified_gmt":"2020-03-14T02:27:17","slug":"coronavirus-eu-espana-y-portugal-declaran-emergencia-mexico-26-casos","status":"publish","type":"post","link":"https:\/\/zonaroja.com.mx\/?p=9845","title":{"rendered":"Coronavirus: EU, Espa\u00f1a y Portugal declaran emergencia; M\u00e9xico, 26 casos"},"content":{"rendered":"\n<p>Redacci\u00f3n\/Zona Roja Cdmx.<\/p>\n\n\n\n<p>Ciudad de M\u00e9xico, 13 de marzo de 2020.-\nEl coronavirus ha provocado al menos 5 mil 347 muertos en el mundo desde que\napareci\u00f3 en diciembre, seg\u00fan un balance establecido por AFP sobre la base de\nfuentes oficiales, este viernes a las 17:00 horas GMT.<\/p>\n\n\n\n<p>De acuerdo con la agencia\ninternacional, desde el comienzo de la epidemia se contabilizaron m\u00e1s de 140\nmil 720 casos de contagio en 124 pa\u00edses o territorios.<\/p>\n\n\n\n<p>EN M\u00c9XICO<\/p>\n\n\n\n<p>Esta noche, en conferencia de prensa,\nla Secretar\u00eda de Salud federal confirm\u00f3 que en un lapso de 24 horas casi se\nduplicaron los casos, al pasar de 15 a 26.<\/p>\n\n\n\n<p>Fueron desglosados de la siguiente\nmanera: 11 en la Ciudad de M\u00e9xico, cuatro en Quer\u00e9taro, tres en el Estado de\nM\u00e9xico, dos en Puebla y uno respectivamente en Coahuila, Durango, Chiapas,\nNuevo Le\u00f3n, Quintana Roo y Yucat\u00e1n.<\/p>\n\n\n\n<p>Pese a ello, las \u00fanicas medidas que se\nest\u00e1n adoptando a nivel estatal y federal son la suspensi\u00f3n de actos masivos,\nprivados y oficiales, as\u00ed como la difusi\u00f3n de acciones preventivas.<\/p>\n\n\n\n<p>EMERGENCIA EN EU<\/p>\n\n\n\n<p>Por su parte, el presidente de los Estados\nUnidos, Donald Trump, acusado de haber minimizado inicialmente la gravedad de\nla pandemia del nuevo coronavirus, declar\u00f3 este viernes el estado de emergencia\nen el pa\u00eds para enfrentar la crisis.<\/p>\n\n\n\n<p>\u00abPara liberar todos los recursos\ndel gobierno federal, declaro oficialmente una emergencia nacional\u00bb, dijo\ndesde los jardines de la Casa Blanca, al se\u00f1alar que la medida permite poner a\ndisposici\u00f3n 50 mil millones de d\u00f3lares de fondos federales para que estados y\nlocalidades combatan el virus.<\/p>\n\n\n\n<p>\u00abEstamos anunciando una nueva\nasociaci\u00f3n con el sector privado para aumentar y acelerar enormemente nuestra\ncapacidad de probar el coronavirus\u00bb, se\u00f1al\u00f3.<\/p>\n\n\n\n<p>Estados Unidos hab\u00eda superado el\nviernes los mil 700 casos de infecci\u00f3n con el nuevo coronavirus, que dejaba 40\nmuertos, seg\u00fan la Universidad Americana Johns Hopkins.<\/p>\n\n\n\n<p>ESPA\u00d1A Y PORTUGAL<\/p>\n\n\n\n<p>El gobierno espa\u00f1ol y el portugu\u00e9s\nanunciaron este viernes el \u00abestado de alarma\u00bb para combatir la\npropagaci\u00f3n sin control de la pandemia del Covid-19.<\/p>\n\n\n\n<p>El presidente del gobierno de Espa\u00f1a,\nel socialista Pedro S\u00e1nchez, anunci\u00f3 que a partir de ma\u00f1ana, s\u00e1bado, se\ndecretar\u00e1 en el pa\u00eds.<\/p>\n\n\n\n<p>El mandatario\nadvirti\u00f3 que se emplear\u00e1n para combatir la crisis sanitaria, humanitaria y\nsocial que padece el pa\u00eds todos los recursos necesarios, p\u00fablicos y privados, y\nabri\u00f3 la puerta a que tenga que intervenir el Ej\u00e9rcito para auxiliar en labores\nde auxilio a los enfermos y a los m\u00e1s afectados por la pandemia. <\/p>\n\n\n\n<p>En tanto, el\ngobierno portugu\u00e9s decret\u00f3 el viernes el estado de alerta para poder movilizar\nla protecci\u00f3n civil, la polic\u00eda y el ej\u00e9rcito en sus esfuerzos por controlar la\nepidemia provocada por el nuevo coronavirus.<\/p>\n\n\n\n<p>ECUADOR PRIMER MUERTO<\/p>\n\n\n\n<p>Ecuador\nreport\u00f3 este viernes la primera muerte por el nuevo coronavirus, una mujer de\n71 a\u00f1os que hab\u00eda viajado desde Espa\u00f1a y que hab\u00eda sido el primer caso conocido\nen el pa\u00eds. Se trata del quinto fallecimiento registrado en Am\u00e9rica Latina.<\/p>\n\n\n\n<p>OAXACA M\u00c1S SUSPENSIONES<\/p>\n\n\n\n<p>Por su parte, el gobierno de Oaxaca\ninform\u00f3 que la Coordinaci\u00f3n General del Comit\u00e9 de Planeaci\u00f3n para el Desarrollo\ndel Estado de Oaxaca (Coplade) pospuso hasta nuevo aviso el Foro Cuarto Di\u00e1logo\npor el Federalismo y el Desarrollo Municipal, a realizarse el pr\u00f3ximo 19 de\nmarzo en la entidad.<\/p>\n\n\n\n<p>En com\u00fan acuerdo con el Instituto\nNacional para el Federalismo y el Desarrollo Municipal (Inafed) se tom\u00f3 esta\ndecisi\u00f3n con el fin de salvaguardar la seguridad de los participantes que\nasistir\u00edan al evento.<\/p>\n\n\n\n<p>En tanto, el Colegio de Bachilleres del\nEstado de Oaxaca (Cobao) informa que se suspenden hasta nuevo aviso los eventos\nmasivos; asimismo exhorta a los estudiantes, personal docente, administrativo y\ndirectivo a reforzar las medidas de prevenci\u00f3n.<\/p>\n\n\n\n<p>\u201cDe esta manera, para privilegiar la\nseguridad de toda comunidad estudiantil, se suspender\u00e1 hasta nuevo aviso el 38\nIntercolegial en su etapa regional\u201d, indic\u00f3 en un comunicado.<\/p>\n","protected":false},"excerpt":{"rendered":"<p>Redacci\u00f3n\/Zona Roja Cdmx. Ciudad de M\u00e9xico, 13 de marzo de 2020.- El coronavirus ha provocado&hellip;<\/p>\n","protected":false},"author":2,"featured_media":9846,"comment_status":"closed","ping_status":"open","sticky":false,"template":"","format":"standard","meta":{"_lmt_disableupdate":"","_lmt_disable":"","_jetpack_memberships_contains_paid_content":false,"footnotes":""},"categories":[109,47],"tags":[1504],"class_list":["post-9845","post","type-post","status-publish","format-standard","has-post-thumbnail","hentry","category-minuto-a-minuto","category-zona-gris","tag-epidema-coronavirus"],"jetpack_featured_media_url":"https:\/\/zonaroja.com.mx\/wp-content\/uploads\/2020\/03\/Pandemia-coronavirus.jpg","jetpack_sharing_enabled":true,"_links":{"self":[{"href":"https:\/\/zonaroja.com.mx\/index.php?rest_route=\/wp\/v2\/posts\/9845","targetHints":{"allow":["GET"]}}],"collection":[{"href":"https:\/\/zonaroja.com.mx\/index.php?rest_route=\/wp\/v2\/posts"}],"about":[{"href":"https:\/\/zonaroja.com.mx\/index.php?rest_route=\/wp\/v2\/types\/post"}],"author":[{"embeddable":true,"href":"https:\/\/zonaroja.com.mx\/index.php?rest_route=\/wp\/v2\/users\/2"}],"replies":[{"embeddable":true,"href":"https:\/\/zonaroja.com.mx\/index.php?rest_route=%2Fwp%2Fv2%2Fcomments&post=9845"}],"version-history":[{"count":1,"href":"https:\/\/zonaroja.com.mx\/index.php?rest_route=\/wp\/v2\/posts\/9845\/revisions"}],"predecessor-version":[{"id":9847,"href":"https:\/\/zonaroja.com.mx\/index.php?rest_route=\/wp\/v2\/posts\/9845\/revisions\/9847"}],"wp:featuredmedia":[{"embeddable":true,"href":"https:\/\/zonaroja.com.mx\/index.php?rest_route=\/wp\/v2\/media\/9846"}],"wp:attachment":[{"href":"https:\/\/zonaroja.com.mx\/index.php?rest_route=%2Fwp%2Fv2%2Fmedia&parent=9845"}],"wp:term":[{"taxonomy":"category","embeddable":true,"href":"https:\/\/zonaroja.com.mx\/index.php?rest_route=%2Fwp%2Fv2%2Fcategories&post=9845"},{"taxonomy":"post_tag","embeddable":true,"href":"https:\/\/zonaroja.com.mx\/index.php?rest_route=%2Fwp%2Fv2%2Ftags&post=9845"}],"curies":[{"name":"wp","href":"https:\/\/api.w.org\/{rel}","templated":true}]}}