{"id":9848,"date":"2020-03-13T21:45:38","date_gmt":"2020-03-14T03:45:38","guid":{"rendered":"http:\/\/www.zonaroja.com.mx\/?p=9848"},"modified":"2020-03-13T21:45:41","modified_gmt":"2020-03-14T03:45:41","slug":"atacan-a-taxistas-un-asesinado-en-el-istmo-dos-asaltados-en-la-capital","status":"publish","type":"post","link":"https:\/\/zonaroja.com.mx\/?p=9848","title":{"rendered":"Atacan a taxistas; un asesinado en el Istmo; dos asaltados en la capital"},"content":{"rendered":"\n<p>Evlin Arag\u00f3n\/Zona Roja.<\/p>\n\n\n\n<p>Oaxaca de Ju\u00e1rez, Oax., 13 de marzo de\n2020.- \u201cMi pap\u00e1 es taxista, se levanta a las 3 am para cubrir su turno, trabaja\nhonradamente, hoy temprano pusieron est\u00e1 pistola en su cabeza e intentaron\nasaltarlo en el centro de la ciudad de Oaxaca\u201d.<\/p>\n\n\n\n<p>Son las palabras con las que inicia el\nrelato de&nbsp; Aremi Velasco, quien denuncia\na trav\u00e9s de su cuenta de Twitter el caso suscitado este jueves por la ma\u00f1ana en\nla capital de Oaxaca, en el que advierte afortunadamente su padre pudo desarmar\nal asaltante y se encuentra bien, \u00fanicamente con el susto que se llev\u00f3 debido\nal hecho.<\/p>\n\n\n\n<p>De acuerdo con la joven, polit\u00f3loga de\nprofesi\u00f3n, el asaltante portaba una arma de balines; sin embargo, eso no se\npuede identificar a simple vista y fue hasta que su padre valientemente lo\ndesarm\u00f3 que se dieron cuenta de la situaci\u00f3n y levantaron la demanda\ncorrespondiente.<\/p>\n\n\n\n<p>\u201cLa pistola es de balines y el\ndelincuente est\u00e1 con la polic\u00eda. Creo en que se har\u00e1 justicia; que las\nautoridades correspondientes asignen la sanci\u00f3n y pena correspondiente a esta\npersona para que no vuelva a cometer este delito. Nosotros haremos lo propio y\nayudaremos\u201d, refiri\u00f3 en sus redes.<\/p>\n\n\n\n<p>En este sentido, cuestion\u00f3 el aumento\nde la inseguridad en la capital oaxaque\u00f1a a la par que pidi\u00f3 a las autoridades\nde la Secretar\u00eda de Seguridad P\u00fablica y Fiscal\u00eda General del Estado de Oaxaca\nrealicen su trabajo y hagan justicia por este intento de asalto en contra de su\npadre.<\/p>\n\n\n\n<p>\u201cEst\u00e1s situaciones claro que no se le\ndesean a nadie, me da tristeza ver c\u00f3mo la delincuencia va incrementando y\ncualquiera puede ser v\u00edctima. Espero pongan atenci\u00f3n a el caso de mi pap\u00e1, \u00e9l\nlo \u00fanico que hace es trabajar\u201d, sentenci\u00f3.<\/p>\n\n\n\n<p>SURGEN M\u00c1S DENUNCIAS<\/p>\n\n\n\n<p>Su publicaci\u00f3n fue respaldada por\ndecenas de usuarias y usuarios, una de estas dio su testimonio con un caso\nsimilar sucedido hace un a\u00f1o y sin respuesta a\u00fan por parte de las autoridades,\npese a que su familiar tuvo afectaciones en su salud.<\/p>\n\n\n\n<p>\u201cHace casi un a\u00f1o a mi pap\u00e1 tambi\u00e9n lo\nasaltaron. Es cardiaco, tuvo un infarto y estuvo dos meses hospitalizado. Hoy\nest\u00e1 bien, pero la denuncia sigue dormida igual que la justicia. Me alegro de\ncoraz\u00f3n que tu pap\u00e1 este bien. Mucho \u00e1nimo\u201d, se puedo leer en los comentarios.<\/p>\n\n\n\n<p>Mientras que otros m\u00e1s hacen referencia\nal aumento de la inseguridad en la capital debido a la falta de estrategias\ncontundentes por parte de las autoridades estatales y federales.<\/p>\n\n\n\n<p>UN MUERTO<\/p>\n\n\n\n<p>El riesgo a los que se enfrenta la\ncomunidad ruletera en la entidad no es nueva, incluso meses atr\u00e1s ha ocasionado\nque varios sitios de taxis se hayan manifestado para solicitar a las\nautoridades mayor seguridad, situaci\u00f3n que no es exclusiva de la capital, donde\nhay por lo menos dos casos m\u00e1s, ocurridos ayer.<\/p>\n\n\n\n<p>Un taxi del sitio \u201cReforma\u201d, con n\u00famero\necon\u00f3mico 586, que fue abordado en el centro de la ciudad y con ruta a San\nAntonio de la Cal; sin embargo fue asaltado y tirado en un paraje.<\/p>\n\n\n\n<p>Otro caso similar ocurri\u00f3 con el taxi 639\ndel sitio \u201cUni\u00f3n\u201d, que le pidieron un servicio hacia Santa Mar\u00eda Atzompa, pero\nen el camino lo asaltaron, lo golpearon y le quitaron la cuenta del d\u00eda.<\/p>\n\n\n\n<p>Por otra parte, este jueves por la\nnoche sujetos armados balearon a un taxista del sitio \u201cTehuantepec\u201d.<\/p>\n\n\n\n<p>El ataque se registr\u00f3 en inmediaciones\nde la localidad de Santa Maria Mixtequilla y dej\u00f3 gravemente herido al chofer\nde la unidad de nombre Felipe Vasquez Cano, a quien de acuerdo con testigos ya\nlo iban siguiendo para concretar el ataque. <\/p>\n\n\n\n<p>Tras ello fue llevado a un hospital de\nTehuantepec, donde este d\u00eda se reporta que perdi\u00f3 la vida.<\/p>\n\n\n\n<p>Fue agredido cuando cenaba en el local \u201cEbenezer\u201d,\nubicada en la calle Ferrocarril del Barrio Nuevo, de Mixtequilla; en tanto su\nunidad de motor, con el n\u00famero econ\u00f3mico 17-368, color blanco con morado y con\nplacas de circulaci\u00f3n 51-60-SJK de Oaxaca, recibi\u00f3 varios impactos de bala.<\/p>\n","protected":false},"excerpt":{"rendered":"<p>Evlin Arag\u00f3n\/Zona Roja. Oaxaca de Ju\u00e1rez, Oax., 13 de marzo de 2020.- \u201cMi pap\u00e1 es&hellip;<\/p>\n","protected":false},"author":2,"featured_media":9849,"comment_status":"closed","ping_status":"open","sticky":false,"template":"","format":"standard","meta":{"_lmt_disableupdate":"","_lmt_disable":"","_jetpack_memberships_contains_paid_content":false,"footnotes":""},"categories":[109,51],"tags":[1505],"class_list":["post-9848","post","type-post","status-publish","format-standard","has-post-thumbnail","hentry","category-minuto-a-minuto","category-zona-roja","tag-balean-y-muere-taxista-mixtequilla"],"jetpack_featured_media_url":"https:\/\/zonaroja.com.mx\/wp-content\/uploads\/2020\/03\/Taxista-baleado-Mixtequilla.png","jetpack_sharing_enabled":true,"_links":{"self":[{"href":"https:\/\/zonaroja.com.mx\/index.php?rest_route=\/wp\/v2\/posts\/9848","targetHints":{"allow":["GET"]}}],"collection":[{"href":"https:\/\/zonaroja.com.mx\/index.php?rest_route=\/wp\/v2\/posts"}],"about":[{"href":"https:\/\/zonaroja.com.mx\/index.php?rest_route=\/wp\/v2\/types\/post"}],"author":[{"embeddable":true,"href":"https:\/\/zonaroja.com.mx\/index.php?rest_route=\/wp\/v2\/users\/2"}],"replies":[{"embeddable":true,"href":"https:\/\/zonaroja.com.mx\/index.php?rest_route=%2Fwp%2Fv2%2Fcomments&post=9848"}],"version-history":[{"count":1,"href":"https:\/\/zonaroja.com.mx\/index.php?rest_route=\/wp\/v2\/posts\/9848\/revisions"}],"predecessor-version":[{"id":9850,"href":"https:\/\/zonaroja.com.mx\/index.php?rest_route=\/wp\/v2\/posts\/9848\/revisions\/9850"}],"wp:featuredmedia":[{"embeddable":true,"href":"https:\/\/zonaroja.com.mx\/index.php?rest_route=\/wp\/v2\/media\/9849"}],"wp:attachment":[{"href":"https:\/\/zonaroja.com.mx\/index.php?rest_route=%2Fwp%2Fv2%2Fmedia&parent=9848"}],"wp:term":[{"taxonomy":"category","embeddable":true,"href":"https:\/\/zonaroja.com.mx\/index.php?rest_route=%2Fwp%2Fv2%2Fcategories&post=9848"},{"taxonomy":"post_tag","embeddable":true,"href":"https:\/\/zonaroja.com.mx\/index.php?rest_route=%2Fwp%2Fv2%2Ftags&post=9848"}],"curies":[{"name":"wp","href":"https:\/\/api.w.org\/{rel}","templated":true}]}}