{"id":9851,"date":"2020-03-13T21:53:33","date_gmt":"2020-03-14T03:53:33","guid":{"rendered":"http:\/\/www.zonaroja.com.mx\/?p=9851"},"modified":"2020-03-13T21:57:50","modified_gmt":"2020-03-14T03:57:50","slug":"confirman-caso-sospechoso-de-covid-19-en-oaxaca","status":"publish","type":"post","link":"https:\/\/zonaroja.com.mx\/?p=9851","title":{"rendered":"Confirman caso sospechoso de Covid-19 en Oaxaca"},"content":{"rendered":"\n<p>Redacci\u00f3n\/Zona Roja.<\/p>\n\n\n\n<p>Oaxaca de Ju\u00e1rez, Oax. 13 de febrero de\n2020.- El gobierno de Oaxaca confirm\u00f3 un caso sospechoso de coronavirus, en la\nregi\u00f3n Sierra Ju\u00e1rez de la entidad.<\/p>\n\n\n\n<p>En un comunicado, indic\u00f3 que los\nServicios de Salud de Oaxaca (SSO) en coordinaci\u00f3n con la Secretar\u00eda de Salud federal\ny el Instituto Mexicano del Seguro Social (IMSS), activaron de manera\npreventiva el protocolo de vigilancia y blindaje epidemiol\u00f3gico.<\/p>\n\n\n\n<p>El caso fue detectado por el IMSS Bienestar\nOaxaca en una mujer de 62 a\u00f1os de edad, originaria de una comunidad de la\nregi\u00f3n de la Sierra Norte, con antecedente de viaje a los Estados Unidos -del 7\nde febrero al 7 de marzo- presentando s\u00edntomas respiratorios compatibles al\nCovid-19 un d\u00eda despu\u00e9s de su llegada.<\/p>\n\n\n\n<p>Expuso que el IMSS realiz\u00f3 la toma de\nmuestra y la env\u00edo al laboratorio del Centro M\u00e9dico Nacional de la Raza para su\nprocesamiento, seg\u00fan marca su normativa federal, por lo que se est\u00e1 en espera\nde los resultados en un lapso de 24 a 72 horas.<\/p>\n\n\n\n<p>A\u00f1adi\u00f3 que por lo anterior, la\ndependencia mantiene en aislamiento domiciliario a la paciente, realizando la\nvigilancia epidemiol\u00f3gica correspondiente a trav\u00e9s de su unidad m\u00e9dica, as\u00ed\ncomo el monitoreo de su estado de salud, el cual se reporta como estable.<\/p>\n\n\n\n<p>\u201cLos Servicios de Salud de Oaxaca\nexhortan a la poblaci\u00f3n a mantener las medidas de prevenci\u00f3n como el lavado de\nmanos frecuente, la utilizaci\u00f3n de gel antibacterial al 70% de alcohol, taparse\nnariz y boca al toser con un pa\u00f1uelo desechable o con el \u00e1ngulo interno del\nbrazo, si se est\u00e1 enfermo, evitar acudir a lugares concurridos, utilizar\ncubrebocas y permanecer en el hogar\u201d, enfatiz\u00f3.<\/p>\n","protected":false},"excerpt":{"rendered":"<p>Redacci\u00f3n\/Zona Roja. Oaxaca de Ju\u00e1rez, Oax. 13 de febrero de 2020.- El gobierno de Oaxaca&hellip;<\/p>\n","protected":false},"author":2,"featured_media":9853,"comment_status":"closed","ping_status":"open","sticky":false,"template":"","format":"standard","meta":{"_lmt_disableupdate":"","_lmt_disable":"","_jetpack_memberships_contains_paid_content":false,"footnotes":""},"categories":[109,47],"tags":[1506],"class_list":["post-9851","post","type-post","status-publish","format-standard","has-post-thumbnail","hentry","category-minuto-a-minuto","category-zona-gris","tag-caso-sospechoso-de-coronavirus-en-oaxaca"],"jetpack_featured_media_url":"https:\/\/zonaroja.com.mx\/wp-content\/uploads\/2020\/03\/Coronavirus-13mar.jpg","jetpack_sharing_enabled":true,"_links":{"self":[{"href":"https:\/\/zonaroja.com.mx\/index.php?rest_route=\/wp\/v2\/posts\/9851","targetHints":{"allow":["GET"]}}],"collection":[{"href":"https:\/\/zonaroja.com.mx\/index.php?rest_route=\/wp\/v2\/posts"}],"about":[{"href":"https:\/\/zonaroja.com.mx\/index.php?rest_route=\/wp\/v2\/types\/post"}],"author":[{"embeddable":true,"href":"https:\/\/zonaroja.com.mx\/index.php?rest_route=\/wp\/v2\/users\/2"}],"replies":[{"embeddable":true,"href":"https:\/\/zonaroja.com.mx\/index.php?rest_route=%2Fwp%2Fv2%2Fcomments&post=9851"}],"version-history":[{"count":2,"href":"https:\/\/zonaroja.com.mx\/index.php?rest_route=\/wp\/v2\/posts\/9851\/revisions"}],"predecessor-version":[{"id":9855,"href":"https:\/\/zonaroja.com.mx\/index.php?rest_route=\/wp\/v2\/posts\/9851\/revisions\/9855"}],"wp:featuredmedia":[{"embeddable":true,"href":"https:\/\/zonaroja.com.mx\/index.php?rest_route=\/wp\/v2\/media\/9853"}],"wp:attachment":[{"href":"https:\/\/zonaroja.com.mx\/index.php?rest_route=%2Fwp%2Fv2%2Fmedia&parent=9851"}],"wp:term":[{"taxonomy":"category","embeddable":true,"href":"https:\/\/zonaroja.com.mx\/index.php?rest_route=%2Fwp%2Fv2%2Fcategories&post=9851"},{"taxonomy":"post_tag","embeddable":true,"href":"https:\/\/zonaroja.com.mx\/index.php?rest_route=%2Fwp%2Fv2%2Ftags&post=9851"}],"curies":[{"name":"wp","href":"https:\/\/api.w.org\/{rel}","templated":true}]}}