{"id":9860,"date":"2020-03-14T07:45:45","date_gmt":"2020-03-14T13:45:45","guid":{"rendered":"http:\/\/www.zonaroja.com.mx\/?p=9860"},"modified":"2020-03-14T07:45:48","modified_gmt":"2020-03-14T13:45:48","slug":"suspende-inegi-censo-en-juchitan-ante-agresiones-a-encuestadores","status":"publish","type":"post","link":"https:\/\/zonaroja.com.mx\/?p=9860","title":{"rendered":"Suspende INEGI censo en Juchit\u00e1n, ante agresiones a encuestadores"},"content":{"rendered":"\n<p>Ismael\nGarc\u00eda M.\/Zona Roja.<\/p>\n\n\n\n<p>Oaxaca de\nJu\u00e1rez, Oax., 14 de marzo de 2020.- Debido a diversos hechos delictivos, entre\nellos un agredido a balazos, el Instituto Nacional de Estad\u00edstica y Geograf\u00eda\n(INEGI) determin\u00f3 ayer suspender de manera temporal el censo en la cabecera\nmunicipal de Juchit\u00e1n de Zaragoza.<\/p>\n\n\n\n<p>En tanto,\nlas actividades de levantamiento de datos seguir\u00e1n en las agencias de dicho\nmunicipio, ubicado en la regi\u00f3n del Istmo de Tehuantepec.<\/p>\n\n\n\n<p>El pasado\n9 de marzo, un joven encuestador fue agredido a balazos en la colonia\nMagisterio Democr\u00e1tico; actualmente lo reportan estable de salud. <\/p>\n\n\n\n<p>El jueves\n12, al menos siete encuestadores fueron asaltados en dos hechos distintos, uno\nde ellos en la colonia 11 de Septiembre, donde dos sujetos armados a bordo de\nun mototaxi los despojaron de celulares y dinero.<\/p>\n\n\n\n<p>Seg\u00fan\ndatos del INEGI Oaxaca, desde que inici\u00f3 el censo, a comienzos de marzo, han\nocurrido cinco incidentes delictivos a encuestadores, dos en la ciudad de\nOaxaca, uno en Huajuapan de Le\u00f3n y dos en Juchit\u00e1n.<\/p>\n\n\n\n<p>Ante ello\nse tom\u00f3 la determinaci\u00f3n de suspender de manera temporal las actividades en la\ncabecera de Juchit\u00e1n.<\/p>\n\n\n\n<p>TOMAN\nMEDIDAS<\/p>\n\n\n\n<p>En tanto,\nla Secretar\u00eda de Seguridad P\u00fablica de Oaxaca inform\u00f3 que a trav\u00e9s de la Polic\u00eda\nEstatal hay estrecha coordinaci\u00f3n con las autoridades del INEGI en la entidad\noaxaque\u00f1a.<\/p>\n\n\n\n<p>Expuso\nque antes del inicio del censo, se analizaron zonas de riesgo de manera interna\ny se determin\u00f3 un plan de atenci\u00f3n a dichas \u00e1reas.<\/p>\n\n\n\n<p>En el\ncaso de Juchit\u00e1n de Zaragoza, a\u00f1adi\u00f3 que se reforz\u00f3 el acompa\u00f1amiento en\nmateria de seguridad y se ha pedido tambi\u00e9n la estrecha colaboraci\u00f3n por parte\ndel ayuntamiento de esa ciudad istme\u00f1a.<\/p>\n","protected":false},"excerpt":{"rendered":"<p>Ismael Garc\u00eda M.\/Zona Roja. Oaxaca de Ju\u00e1rez, Oax., 14 de marzo de 2020.- Debido a&hellip;<\/p>\n","protected":false},"author":2,"featured_media":9861,"comment_status":"closed","ping_status":"open","sticky":false,"template":"","format":"standard","meta":{"_lmt_disableupdate":"","_lmt_disable":"","_jetpack_memberships_contains_paid_content":false,"footnotes":""},"categories":[109,47],"tags":[1508],"class_list":["post-9860","post","type-post","status-publish","format-standard","has-post-thumbnail","hentry","category-minuto-a-minuto","category-zona-gris","tag-agresiones-a-encuestadores-inegi-oaxaca"],"jetpack_featured_media_url":"https:\/\/zonaroja.com.mx\/wp-content\/uploads\/2020\/03\/Censo-3.jpg","jetpack_sharing_enabled":true,"_links":{"self":[{"href":"https:\/\/zonaroja.com.mx\/index.php?rest_route=\/wp\/v2\/posts\/9860","targetHints":{"allow":["GET"]}}],"collection":[{"href":"https:\/\/zonaroja.com.mx\/index.php?rest_route=\/wp\/v2\/posts"}],"about":[{"href":"https:\/\/zonaroja.com.mx\/index.php?rest_route=\/wp\/v2\/types\/post"}],"author":[{"embeddable":true,"href":"https:\/\/zonaroja.com.mx\/index.php?rest_route=\/wp\/v2\/users\/2"}],"replies":[{"embeddable":true,"href":"https:\/\/zonaroja.com.mx\/index.php?rest_route=%2Fwp%2Fv2%2Fcomments&post=9860"}],"version-history":[{"count":1,"href":"https:\/\/zonaroja.com.mx\/index.php?rest_route=\/wp\/v2\/posts\/9860\/revisions"}],"predecessor-version":[{"id":9862,"href":"https:\/\/zonaroja.com.mx\/index.php?rest_route=\/wp\/v2\/posts\/9860\/revisions\/9862"}],"wp:featuredmedia":[{"embeddable":true,"href":"https:\/\/zonaroja.com.mx\/index.php?rest_route=\/wp\/v2\/media\/9861"}],"wp:attachment":[{"href":"https:\/\/zonaroja.com.mx\/index.php?rest_route=%2Fwp%2Fv2%2Fmedia&parent=9860"}],"wp:term":[{"taxonomy":"category","embeddable":true,"href":"https:\/\/zonaroja.com.mx\/index.php?rest_route=%2Fwp%2Fv2%2Fcategories&post=9860"},{"taxonomy":"post_tag","embeddable":true,"href":"https:\/\/zonaroja.com.mx\/index.php?rest_route=%2Fwp%2Fv2%2Ftags&post=9860"}],"curies":[{"name":"wp","href":"https:\/\/api.w.org\/{rel}","templated":true}]}}