{"id":9866,"date":"2020-03-14T11:25:10","date_gmt":"2020-03-14T17:25:10","guid":{"rendered":"http:\/\/www.zonaroja.com.mx\/?p=9866"},"modified":"2020-03-14T11:25:13","modified_gmt":"2020-03-14T17:25:13","slug":"suspende-uabjo-actos-masivos-y-pide-tomar-medidas-ante-el-covid-19","status":"publish","type":"post","link":"https:\/\/zonaroja.com.mx\/?p=9866","title":{"rendered":"Suspende UABJO actos masivos y pide tomar medidas ante el Covid-19"},"content":{"rendered":"\n<p>Evlin\nArag\u00f3n\/Zona Roja.<\/p>\n\n\n\n<p>Oaxaca de\nJu\u00e1rez, Oax., 14 de marzo de 2020.- La Universidad Aut\u00f3noma \u201cBenito Ju\u00e1rez\u201d de\nOaxaca se uni\u00f3 a la suspensi\u00f3n de actos masivos dentro y fuera de la\ninstituci\u00f3n, con la finalidad de disminuir el riesgo de contagio de Covid-19,\ntal y como ya lo ha hecho el gobierno estatal y hasta que los protocolos\nnacionales lo indiquen.<\/p>\n\n\n\n<p>En un\ncomunicado signado por el rector Eduardo Bautista Mart\u00ednez, evidenci\u00f3 que las\nactividades acad\u00e9micas y administrativas continuar\u00e1n de manera normal,\natendiendo a las disposiciones oficiales; sin embargo, pidi\u00f3 a las autoridades\ndirectivas de las Unidades Acad\u00e9micas atender las medidas preventivas\nanunciadas por las autoridades.<\/p>\n\n\n\n<p>\u201cEn\natenci\u00f3n a las disposiciones y recomendaciones de la Organizaci\u00f3n Mundial de la\nSalud y de la Secretar\u00eda de Salud del Gobierno de M\u00e9xico, as\u00ed como del Gobierno\ndel Estado, la Universidad Aut\u00f3noma \u2018Benito Ju\u00e1rez\u2019 de Oaxaca, implementar\u00e1\nmedidas preventivas para procurar la salud de la comunidad universitaria ante\nla presencia del COVID-19\u201d, cita el documento.<\/p>\n\n\n\n<p>En este\nsentido, record\u00f3 que es fundamental fortalecer la pr\u00e1ctica de acciones para el\ncuidado de la salud y as\u00ed evitar el contagio de enfermedades respiratorias\ntales como: lavarse las manos frecuentemente con agua y jab\u00f3n o utilizar gel\ncon base de alcohol al 70 por ciento; al toser o estornudar, utilizar el\nestornudo de etiqueta, que consiste en cubrirse la nariz y la boca con un\npa\u00f1uelo desechable o con el \u00e1ngulo interno del brazo.<\/p>\n\n\n\n<p>As\u00ed mismo\nno tocarse la cara, nariz, boca y ojos con las manos sucias. Limpiar y\ndesinfectar superficies y objetos de uso com\u00fan en: casas, oficinas, sitios\ncerrados, transporte, centros de reuni\u00f3n, entre otras; evitar saludar de mano o\nde beso; y apartarse de lugares de alta concentraci\u00f3n de poblaci\u00f3n.<\/p>\n\n\n\n<p>Bautista\nMart\u00ednez detall\u00f3 que es fundamental que en caso de presentar s\u00edntomas como:\nfiebre, tos seca, dificultas para respirar, es necesario quedarse en casa y\nacudir al servicio de salud m\u00e1s cerca, evitando la auto medicaci\u00f3n que puede\nresultar contra producente.<\/p>\n\n\n\n<p>Las\nactividades en la m\u00e1xima casa de estudios se reanudar\u00e1n el pr\u00f3ximo martes 17 de\nmarzo, luego de m\u00e1s de m\u00e1s de un mes de huelga por parte del Sindicato de\nTrabajadores y Empleados de la Universidad Aut\u00f3noma \u201cBenito Ju\u00e1rez\u201d, sin embargo\nla instituci\u00f3n se enfrentar\u00e1 ahora a la contingencia de salud mundial.<\/p>\n\n\n\n<p>Desde\neste jueves, el gobierno de Oaxaca y el municipal de la capital han anunciado\nla cancelaci\u00f3n de eventos masivos a las declaraciones a nivel federal que\nindican que del 20 al 31 de marzo podr\u00eda registrarse el contagio masivo en el\npa\u00eds.<\/p>\n\n\n\n<p>Mientras\nque la noche de ayer se dio a conocer un caso sospechoso de Covid-19 en la\nSierra Norte, de una mujer de 62 a\u00f1os, con antecedente viaje a los Estados\nUnidos, que se encuentra estable y en aislamiento domiciliario.<\/p>\n","protected":false},"excerpt":{"rendered":"<p>Evlin Arag\u00f3n\/Zona Roja. Oaxaca de Ju\u00e1rez, Oax., 14 de marzo de 2020.- La Universidad Aut\u00f3noma&hellip;<\/p>\n","protected":false},"author":2,"featured_media":8297,"comment_status":"closed","ping_status":"open","sticky":false,"template":"","format":"standard","meta":{"_lmt_disableupdate":"","_lmt_disable":"","_jetpack_memberships_contains_paid_content":false,"footnotes":""},"categories":[109,47],"tags":[282],"class_list":["post-9866","post","type-post","status-publish","format-standard","has-post-thumbnail","hentry","category-minuto-a-minuto","category-zona-gris","tag-universidad-autonoma-benito-juarez-de-oaxaca"],"jetpack_featured_media_url":"https:\/\/zonaroja.com.mx\/wp-content\/uploads\/2020\/02\/2.-.jpg","jetpack_sharing_enabled":true,"_links":{"self":[{"href":"https:\/\/zonaroja.com.mx\/index.php?rest_route=\/wp\/v2\/posts\/9866","targetHints":{"allow":["GET"]}}],"collection":[{"href":"https:\/\/zonaroja.com.mx\/index.php?rest_route=\/wp\/v2\/posts"}],"about":[{"href":"https:\/\/zonaroja.com.mx\/index.php?rest_route=\/wp\/v2\/types\/post"}],"author":[{"embeddable":true,"href":"https:\/\/zonaroja.com.mx\/index.php?rest_route=\/wp\/v2\/users\/2"}],"replies":[{"embeddable":true,"href":"https:\/\/zonaroja.com.mx\/index.php?rest_route=%2Fwp%2Fv2%2Fcomments&post=9866"}],"version-history":[{"count":1,"href":"https:\/\/zonaroja.com.mx\/index.php?rest_route=\/wp\/v2\/posts\/9866\/revisions"}],"predecessor-version":[{"id":9867,"href":"https:\/\/zonaroja.com.mx\/index.php?rest_route=\/wp\/v2\/posts\/9866\/revisions\/9867"}],"wp:featuredmedia":[{"embeddable":true,"href":"https:\/\/zonaroja.com.mx\/index.php?rest_route=\/wp\/v2\/media\/8297"}],"wp:attachment":[{"href":"https:\/\/zonaroja.com.mx\/index.php?rest_route=%2Fwp%2Fv2%2Fmedia&parent=9866"}],"wp:term":[{"taxonomy":"category","embeddable":true,"href":"https:\/\/zonaroja.com.mx\/index.php?rest_route=%2Fwp%2Fv2%2Fcategories&post=9866"},{"taxonomy":"post_tag","embeddable":true,"href":"https:\/\/zonaroja.com.mx\/index.php?rest_route=%2Fwp%2Fv2%2Ftags&post=9866"}],"curies":[{"name":"wp","href":"https:\/\/api.w.org\/{rel}","templated":true}]}}