{"id":9868,"date":"2020-03-14T14:22:49","date_gmt":"2020-03-14T20:22:49","guid":{"rendered":"http:\/\/www.zonaroja.com.mx\/?p=9868"},"modified":"2020-03-14T14:22:52","modified_gmt":"2020-03-14T20:22:52","slug":"denuncian-maestras-de-la-universidad-del-istmo-hostigamiento-y-violencia","status":"publish","type":"post","link":"https:\/\/zonaroja.com.mx\/?p=9868","title":{"rendered":"Denuncian maestras de la Universidad del Istmo hostigamiento y violencia"},"content":{"rendered":"\n<p>Evlin\nArag\u00f3n\/Zona Roja.<\/p>\n\n\n\n<p>Oaxaca de\nJu\u00e1rez, Oax., 14 de marzo de 2020.- Montserrat S\u00e1nchez Moreno y Virginia\nIlescas, profesoras e investigadoras de la Universidad del Istmo (Unistmo) campus\nIxtepec, denunciaron el hostigamiento y violencia laboral de la cual est\u00e1n\nsiendo v\u00edctimas al interior de la instituci\u00f3n educativa.<\/p>\n\n\n\n<p>Lo\nanterior debido al respaldo que han dado a las j\u00f3venes que valientemente han\ndenunciado casos de abuso, acoso y hostigamiento sexual.<\/p>\n\n\n\n<p>En un video\nque difundieron a trav\u00e9s de las redes sociales y que fue retomado por diversos\ncolectivos feministas que han manifestado su respaldo, las docentes explican\nque derivado al acompa\u00f1amiento que han dado a las estudiantes, autoridades\neducativas se han dado a la tarea de iniciarles un proceso administrativo.<\/p>\n\n\n\n<p>Lo\nanterior, dejando de lado las denuncias de las j\u00f3venes, que se realizaron en el\nmarco del 8 de marzo, D\u00eda Internacional de la Mujer, ante las cuales no se han\npronunciado demostrando una absoluta indiferencia ante la violencia sexual y de\ng\u00e9nero que se registra al interior de la universidad.<\/p>\n\n\n\n<p>\u201cEl d\u00eda\nde ayer se nos fue notificado el inicio de un procedimiento administrativo\nabsolutamente ilegal en nuestra contra por quejas presentadas por tres\nprofesores que fueron se\u00f1alados en una denuncias p\u00fablica lo cual denota la\nfalta de responsabilidad \u00e9tica de las autoridades de la Universidad pues hasta\nel d\u00eda de hoy no han tenido el m\u00ednimo acto de voluntad para solucionar el\nambiente de violencia que rodea a las alumnas y a las profesoras que hemos\ndecidido alzar la voz\u201d, explican en la publicaci\u00f3n.<\/p>\n\n\n\n<p>S\u00e1nchez\nMoreno detall\u00f3 que su integridad f\u00edsica y emocional corre riesgo, por lo que\nresponsabilizaron de cualquier agresi\u00f3n en su contra y de las alumnas a\nCorasilvia Bonilla e Israel Flores Sandoval, jefa de la carrera en licenciatura\nen Derechos y vicerrector acad\u00e9mico de la instituci\u00f3n, respectivamente por\nencabezar los actos de hostigamiento de lo que actualmente son v\u00edctimas.<\/p>\n\n\n\n<p>De igual\nforma, a Jos\u00e9 Luis Ayala \u00c1lvarez, abogado general de la Universidad del Istmo,\npor ejecutar diversos actos de intimidaci\u00f3n; a Jos\u00e9 Guadalupe Villegas\nCastillejos, Silvio F\u00e9lix Antonio Espinoza y Gabriel Soto Ju\u00e1rez por el\nflagrante acoso laboral que coarta su libertad de expresi\u00f3n y su derecho a\nhacer una denuncia p\u00fablica; y a Hern\u00e1n Castillo Villalobos por ser el principal\ninstigador de violencia en la comunidad estudiantil y que se\u00f1al\u00f3 como su\nprincipal agresor.<\/p>\n\n\n\n<p>Mientras\nque Virginia Ilescas reiter\u00f3 que el origen del hostigamiento son las denuncias\nque se han interpuesto en la Defensor\u00eda de los Derechos Humanos del Pueblo de\nOaxaca (DDHPO) por acoso hacia las alumnas de la carrera de Derecho\nprincipalmente, y que los actos administrativos est\u00e1n orquestados por las\nautoridades del plantel, quienes deber\u00edan estar m\u00e1s preocupadas por el\nbienestar de las estudiantes.<\/p>\n\n\n\n<p>\u201cMi\ncondici\u00f3n de debilidad visual me vulneran mucho m\u00e1s, pero esto no ha evitado la\nactitud, hostil y violenta en nuestra contra\u201d, dijo la docente en el video en\nque tambi\u00e9n incluy\u00f3 a Ulises Gayt\u00e1n, jefe de carrera de Administraci\u00f3n P\u00fablica\ndentro de los agresores que han emprendido una campa\u00f1a en su contra ilegal e\ninmoral por dar acompa\u00f1amiento a las estudiantes que denuncias casos de acoso,\nacci\u00f3n que por \u00e9tica deber\u00eda ser asumida por todas y todos los docentes.<\/p>\n\n\n\n<p>Fue el\npasado 8 de marzo que profesoras y estudiantes de la Universidad del Istmo\ndenunciaron que tres profesores de la licenciatura de Derecho ejercen violencia\nsexual y hostigamiento desde hace un a\u00f1o contra ellas, hechos que han sido de\nconocimientos de las autoridades sin que realicen acciones al respecto.<\/p>\n\n\n\n<p>La\nUniversidad del Istmo no ha sido la \u00fanica con denuncias de ese tipo tambi\u00e9n las\nuniversidades del Mar, LaSalle, Regional del Sureste han realizado acciones\nsimilares, al igual que diversos planteles del Colegio de Bachilleres del\nEstado de Oaxaca que han destapado la problem\u00e1tica de violencia sexual a la que\nse enfrenta las j\u00f3venes al interior de sus centros escolares.<\/p>\n","protected":false},"excerpt":{"rendered":"<p>Evlin Arag\u00f3n\/Zona Roja. Oaxaca de Ju\u00e1rez, Oax., 14 de marzo de 2020.- Montserrat S\u00e1nchez Moreno&hellip;<\/p>\n","protected":false},"author":2,"featured_media":9869,"comment_status":"closed","ping_status":"open","sticky":false,"template":"","format":"standard","meta":{"_lmt_disableupdate":"","_lmt_disable":"","_jetpack_memberships_contains_paid_content":false,"footnotes":""},"categories":[109,47],"tags":[1509],"class_list":["post-9868","post","type-post","status-publish","format-standard","has-post-thumbnail","hentry","category-minuto-a-minuto","category-zona-gris","tag-acoso-universidad-del-istmo-oaxaca"],"jetpack_featured_media_url":"https:\/\/zonaroja.com.mx\/wp-content\/uploads\/2020\/03\/Unistmo-Ixtepec.jpg","jetpack_sharing_enabled":true,"_links":{"self":[{"href":"https:\/\/zonaroja.com.mx\/index.php?rest_route=\/wp\/v2\/posts\/9868","targetHints":{"allow":["GET"]}}],"collection":[{"href":"https:\/\/zonaroja.com.mx\/index.php?rest_route=\/wp\/v2\/posts"}],"about":[{"href":"https:\/\/zonaroja.com.mx\/index.php?rest_route=\/wp\/v2\/types\/post"}],"author":[{"embeddable":true,"href":"https:\/\/zonaroja.com.mx\/index.php?rest_route=\/wp\/v2\/users\/2"}],"replies":[{"embeddable":true,"href":"https:\/\/zonaroja.com.mx\/index.php?rest_route=%2Fwp%2Fv2%2Fcomments&post=9868"}],"version-history":[{"count":1,"href":"https:\/\/zonaroja.com.mx\/index.php?rest_route=\/wp\/v2\/posts\/9868\/revisions"}],"predecessor-version":[{"id":9870,"href":"https:\/\/zonaroja.com.mx\/index.php?rest_route=\/wp\/v2\/posts\/9868\/revisions\/9870"}],"wp:featuredmedia":[{"embeddable":true,"href":"https:\/\/zonaroja.com.mx\/index.php?rest_route=\/wp\/v2\/media\/9869"}],"wp:attachment":[{"href":"https:\/\/zonaroja.com.mx\/index.php?rest_route=%2Fwp%2Fv2%2Fmedia&parent=9868"}],"wp:term":[{"taxonomy":"category","embeddable":true,"href":"https:\/\/zonaroja.com.mx\/index.php?rest_route=%2Fwp%2Fv2%2Fcategories&post=9868"},{"taxonomy":"post_tag","embeddable":true,"href":"https:\/\/zonaroja.com.mx\/index.php?rest_route=%2Fwp%2Fv2%2Ftags&post=9868"}],"curies":[{"name":"wp","href":"https:\/\/api.w.org\/{rel}","templated":true}]}}