{"id":9871,"date":"2020-03-14T14:30:37","date_gmt":"2020-03-14T20:30:37","guid":{"rendered":"http:\/\/www.zonaroja.com.mx\/?p=9871"},"modified":"2020-03-14T14:31:00","modified_gmt":"2020-03-14T20:31:00","slug":"por-coronavirus-adelanta-sep-vacaciones-en-escuelas-del-pais-por-un-mes","status":"publish","type":"post","link":"https:\/\/zonaroja.com.mx\/?p=9871","title":{"rendered":"Por coronavirus, adelanta SEP vacaciones en escuelas del pa\u00eds, por un mes"},"content":{"rendered":"\n<p>Redacci\u00f3n\/Zona\nRoja Cdmx.<\/p>\n\n\n\n<p>Ciudad de\nM\u00e9xico, 14 de marzo de 2020.- Ante la pandemia global del coronavirus, la\nSecretar\u00eda de Educaci\u00f3n P\u00fablica (SEP) anunci\u00f3 hoy el adelanto de las vacaciones\nen escuelas p\u00fablicas del pa\u00eds, por un mes, a partir del pr\u00f3ximo 20 de marzo.<\/p>\n\n\n\n<p>Ser\u00e1 a\npartir del pr\u00f3ximo martes, cuando se reanuden las clases en m\u00e1s de 219 mil\nescuelas p\u00fablicas y privadas, en que se aplicar\u00e1n nuevos lineamientos para el\ncombate del Covid-19 en los centros escolares. <\/p>\n\n\n\n<p>En\nconferencia de prensa, el secretario de Educaci\u00f3n P\u00fablica, Esteban Moctezuma\nBarrag\u00e1n, y el subsecretario de Prevenci\u00f3n y Promoci\u00f3n de la Salud, Hugo L\u00f3pez\nGatell, anunciaron nuevas medidas para combatir el coronavirus en las escuelas,\ncomo la implementaci\u00f3n de tres filtros para el ingreso de los menores al\nplantel escolar.<\/p>\n\n\n\n<p>En la 17\nreuni\u00f3n nacional plenaria extraordinaria del Consejo Nacional de Autoridades\nEducativas (Conaedu), que sesion\u00f3 a puerta cerrada en las instalaciones de la SEP,\nse acord\u00f3 aplicar un filtro de colaboraci\u00f3n con los padres de familia, que\nimplica suscribir un reporte diario en el que aseguran que el menor se lav\u00f3 las\nmanos antes de salir de casa y no tiene fiebre.<\/p>\n\n\n\n<p>Tambi\u00e9n,\nse aplicaran dos filtros adicionales en la escuela, tanto al ingreso al\nplantel, como en el sal\u00f3n. <\/p>\n\n\n\n<p>Moctezuma\nBarrag\u00e1n agreg\u00f3 que tambi\u00e9n se crearan comit\u00e9s de salud en cada escuela, como\nparten de los Consejos Escolares de Participaci\u00f3n Social, se trata dijo de un\nesfuerzo comunitarios, pues tambi\u00e9n se solicit\u00f3 a los padres que colaboren con\ninsumos como jab\u00f3n y gel antibacterial.<\/p>\n\n\n\n<p>(Con\ninformaci\u00f3n de \u201cLa Jornada\u201d)<\/p>\n","protected":false},"excerpt":{"rendered":"<p>Redacci\u00f3n\/Zona Roja Cdmx. Ciudad de M\u00e9xico, 14 de marzo de 2020.- Ante la pandemia global&hellip;<\/p>\n","protected":false},"author":2,"featured_media":9872,"comment_status":"closed","ping_status":"open","sticky":false,"template":"","format":"standard","meta":{"_lmt_disableupdate":"","_lmt_disable":"","_jetpack_memberships_contains_paid_content":false,"footnotes":""},"categories":[109,47],"tags":[1510],"class_list":["post-9871","post","type-post","status-publish","format-standard","has-post-thumbnail","hentry","category-minuto-a-minuto","category-zona-gris","tag-coronavirus-pandemia-global"],"jetpack_featured_media_url":"https:\/\/zonaroja.com.mx\/wp-content\/uploads\/2020\/03\/Esteban-Moctezuma.jpeg","jetpack_sharing_enabled":true,"_links":{"self":[{"href":"https:\/\/zonaroja.com.mx\/index.php?rest_route=\/wp\/v2\/posts\/9871","targetHints":{"allow":["GET"]}}],"collection":[{"href":"https:\/\/zonaroja.com.mx\/index.php?rest_route=\/wp\/v2\/posts"}],"about":[{"href":"https:\/\/zonaroja.com.mx\/index.php?rest_route=\/wp\/v2\/types\/post"}],"author":[{"embeddable":true,"href":"https:\/\/zonaroja.com.mx\/index.php?rest_route=\/wp\/v2\/users\/2"}],"replies":[{"embeddable":true,"href":"https:\/\/zonaroja.com.mx\/index.php?rest_route=%2Fwp%2Fv2%2Fcomments&post=9871"}],"version-history":[{"count":1,"href":"https:\/\/zonaroja.com.mx\/index.php?rest_route=\/wp\/v2\/posts\/9871\/revisions"}],"predecessor-version":[{"id":9873,"href":"https:\/\/zonaroja.com.mx\/index.php?rest_route=\/wp\/v2\/posts\/9871\/revisions\/9873"}],"wp:featuredmedia":[{"embeddable":true,"href":"https:\/\/zonaroja.com.mx\/index.php?rest_route=\/wp\/v2\/media\/9872"}],"wp:attachment":[{"href":"https:\/\/zonaroja.com.mx\/index.php?rest_route=%2Fwp%2Fv2%2Fmedia&parent=9871"}],"wp:term":[{"taxonomy":"category","embeddable":true,"href":"https:\/\/zonaroja.com.mx\/index.php?rest_route=%2Fwp%2Fv2%2Fcategories&post=9871"},{"taxonomy":"post_tag","embeddable":true,"href":"https:\/\/zonaroja.com.mx\/index.php?rest_route=%2Fwp%2Fv2%2Ftags&post=9871"}],"curies":[{"name":"wp","href":"https:\/\/api.w.org\/{rel}","templated":true}]}}