{"id":9874,"date":"2020-03-14T16:36:03","date_gmt":"2020-03-14T22:36:03","guid":{"rendered":"http:\/\/www.zonaroja.com.mx\/?p=9874"},"modified":"2020-03-14T16:36:06","modified_gmt":"2020-03-14T22:36:06","slug":"sospechoso-asalto-de-1-7-mdp-a-profesores-de-la-seccion-22","status":"publish","type":"post","link":"https:\/\/zonaroja.com.mx\/?p=9874","title":{"rendered":"Sospechoso asalto de 1.7 mdp a profesores de la Secci\u00f3n 22"},"content":{"rendered":"\n<p>Redacci\u00f3n\/Zona\nRoja. Foto: Vivo Oaxaca<\/p>\n\n\n\n<p>Oaxaca de\nJu\u00e1rez, Oax., 14 de marzo de 2020.- Sujetos armados asaltaron a al menos tres\nprofesores de la Secci\u00f3n 22 del SNTE y les arrebataron aproximadamente un\nmill\u00f3n 700 mil pesos, en la capital de Oaxaca.<\/p>\n\n\n\n<p>Sin\nembargo, una de las v\u00edctimas denunci\u00f3 el hecho una hora despu\u00e9s ante el\nMinisterio P\u00fablico de la Fiscal\u00eda General del Estado y aport\u00f3 datos\nincorrectos, como la placa del supuesto veh\u00edculo en que viajaban los delincuentes.<\/p>\n\n\n\n<p>De\nacuerdo con informes preliminares de cuerpos de seguridad p\u00fablica y\nministerial, los hechos sucedieron alrededor de las 12:00 horas cuando los\ntrabajadores de la educaci\u00f3n transitaban en la calle 5 de Febrero casi esquina\ncon prolongaci\u00f3n de Arteaga, agencia de Cinco Se\u00f1ores, del municipio Oaxaca de\nJu\u00e1rez.<\/p>\n\n\n\n<p>Cuando\nesperaban a una persona, sujetos armados a bordo de un choche tipo Tsuru, marca\nNissan, con supuestas placas M9NABK, los amagaron y quitaron el malet\u00edn con el\ndinero, tras lo cual huyeron.<\/p>\n\n\n\n<p>Polic\u00edas\nestatales y municipales arribaron a la zona e implementaron un operativo de\nb\u00fasqueda; sin embargo, hasta esta tarde no hab\u00eda personas detenidas.<\/p>\n\n\n\n<p>En la\nagencia municipal de Cinco Se\u00f1ores, los vecinos se han quejado de nula\nvigilancia policiaca por parte del ayuntamiento capitalino y son constantes los\nrobos a transe\u00fantes y a domicilios.<\/p>\n","protected":false},"excerpt":{"rendered":"<p>Redacci\u00f3n\/Zona Roja. Foto: Vivo Oaxaca Oaxaca de Ju\u00e1rez, Oax., 14 de marzo de 2020.- Sujetos&hellip;<\/p>\n","protected":false},"author":2,"featured_media":9875,"comment_status":"closed","ping_status":"open","sticky":false,"template":"","format":"standard","meta":{"_lmt_disableupdate":"","_lmt_disable":"","_jetpack_memberships_contains_paid_content":false,"footnotes":""},"categories":[109,47],"tags":[1511],"class_list":["post-9874","post","type-post","status-publish","format-standard","has-post-thumbnail","hentry","category-minuto-a-minuto","category-zona-gris","tag-asalto-a-profesores-seccion-22"],"jetpack_featured_media_url":"https:\/\/zonaroja.com.mx\/wp-content\/uploads\/2020\/03\/Asalto-ciudad-de-Oaxaca.jpg","jetpack_sharing_enabled":true,"_links":{"self":[{"href":"https:\/\/zonaroja.com.mx\/index.php?rest_route=\/wp\/v2\/posts\/9874","targetHints":{"allow":["GET"]}}],"collection":[{"href":"https:\/\/zonaroja.com.mx\/index.php?rest_route=\/wp\/v2\/posts"}],"about":[{"href":"https:\/\/zonaroja.com.mx\/index.php?rest_route=\/wp\/v2\/types\/post"}],"author":[{"embeddable":true,"href":"https:\/\/zonaroja.com.mx\/index.php?rest_route=\/wp\/v2\/users\/2"}],"replies":[{"embeddable":true,"href":"https:\/\/zonaroja.com.mx\/index.php?rest_route=%2Fwp%2Fv2%2Fcomments&post=9874"}],"version-history":[{"count":1,"href":"https:\/\/zonaroja.com.mx\/index.php?rest_route=\/wp\/v2\/posts\/9874\/revisions"}],"predecessor-version":[{"id":9876,"href":"https:\/\/zonaroja.com.mx\/index.php?rest_route=\/wp\/v2\/posts\/9874\/revisions\/9876"}],"wp:featuredmedia":[{"embeddable":true,"href":"https:\/\/zonaroja.com.mx\/index.php?rest_route=\/wp\/v2\/media\/9875"}],"wp:attachment":[{"href":"https:\/\/zonaroja.com.mx\/index.php?rest_route=%2Fwp%2Fv2%2Fmedia&parent=9874"}],"wp:term":[{"taxonomy":"category","embeddable":true,"href":"https:\/\/zonaroja.com.mx\/index.php?rest_route=%2Fwp%2Fv2%2Fcategories&post=9874"},{"taxonomy":"post_tag","embeddable":true,"href":"https:\/\/zonaroja.com.mx\/index.php?rest_route=%2Fwp%2Fv2%2Ftags&post=9874"}],"curies":[{"name":"wp","href":"https:\/\/api.w.org\/{rel}","templated":true}]}}