{"id":9883,"date":"2020-03-14T19:19:16","date_gmt":"2020-03-15T01:19:16","guid":{"rendered":"http:\/\/www.zonaroja.com.mx\/?p=9883"},"modified":"2020-03-14T19:19:19","modified_gmt":"2020-03-15T01:19:19","slug":"en-tuxtepec-estudiantes-se-movilizan-para-exigir-justicia-y-seguridad","status":"publish","type":"post","link":"https:\/\/zonaroja.com.mx\/?p=9883","title":{"rendered":"En Tuxtepec, estudiantes se movilizan para exigir justicia y seguridad"},"content":{"rendered":"\n<p>Yuridiana\nSosa\/Zona Roja.<\/p>\n\n\n\n<p>San Juan Bautista Tuxtepec, Oax.- Ante la inseguridad e injusticias por las desapariciones y asesinatos de j\u00f3venes mujeres y hombres, estudiantes de Tuxtepec marcharon hoy, por segundo d\u00eda consecutivo, para exigir a las autoridades municipales, estatales y federales, garanticen su derecho a la vida y seguridad.<\/p>\n\n\n\n<p>Wendy Dubl\u00e1n, estudiante de Enfermar\u00eda de la Universidad del Papaloapan (Unpa), campus Tuxtepec, fue motivo de unidad para que cientos de j\u00f3venes alzaran la voz de forma in\u00e9dita en este municipio de la regi\u00f3n de la Cuenca, donde en menos de un mes se registr\u00f3 la desaparici\u00f3n de al menos cinco mujeres, cuatro de ellas j\u00f3venes entre los 15 y 19 a\u00f1os de edad.<\/p>\n\n\n\n<p>Luego de m\u00e1s de 48 horas sin saber del paradero de Wendy, y tras la marcha de este viernes, la Unidad de B\u00fasqueda de Personas Desaparecidas y No Localizadas de la Fiscal\u00eda General de Oaxaca public\u00f3 la ma\u00f1ana de este s\u00e1bado que la mujer de 19 a\u00f1os, fue localizada, aunque sin especificar bajo qu\u00e9 condiciones.<\/p>\n\n\n\n<p>\u201cSomos\nestudiantes, queremos justicia\u201d, fue de las principales exigencias de j\u00f3venes y\nadultos durante la manifestaci\u00f3n en la que demandaron la inmediata localizaci\u00f3n\nde otras mujeres y j\u00f3venes de los que sus familiares dejaron de tener contacto.\nEn un pase de lista, se les record\u00f3.<\/p>\n\n\n\n<p>\u201cNo\nesperes a que sean tus hijos\u201d, \u201cSi te callas, no hay justicia. Alza la voz\u201d, \u201cTuxtepec,\ndespierta\u201d, \u201cUnidos somos m\u00e1s fuertes\u201d, fueron entre otras, las consignas con\nlas que recorrieron las principales calles del municipio.<\/p>\n\n\n\n<p>A su\nllegada al palacio municipal los estudiantes, principalmente de la Universidad\ndel Papaloapan (Unpa), colocaron sus carteles en las paredes del inmueble de\ngobierno.<\/p>\n","protected":false},"excerpt":{"rendered":"<p>Yuridiana Sosa\/Zona Roja. San Juan Bautista Tuxtepec, Oax.- Ante la inseguridad e injusticias por las&hellip;<\/p>\n","protected":false},"author":2,"featured_media":9884,"comment_status":"closed","ping_status":"open","sticky":false,"template":"","format":"standard","meta":{"_lmt_disableupdate":"","_lmt_disable":"","_jetpack_memberships_contains_paid_content":false,"footnotes":""},"categories":[109,47],"tags":[118],"class_list":["post-9883","post","type-post","status-publish","format-standard","has-post-thumbnail","hentry","category-minuto-a-minuto","category-zona-gris","tag-san-juan-bautista-tuxtepec"],"jetpack_featured_media_url":"https:\/\/zonaroja.com.mx\/wp-content\/uploads\/2020\/03\/Marcha-Tuxtepec.jpg","jetpack_sharing_enabled":true,"_links":{"self":[{"href":"https:\/\/zonaroja.com.mx\/index.php?rest_route=\/wp\/v2\/posts\/9883","targetHints":{"allow":["GET"]}}],"collection":[{"href":"https:\/\/zonaroja.com.mx\/index.php?rest_route=\/wp\/v2\/posts"}],"about":[{"href":"https:\/\/zonaroja.com.mx\/index.php?rest_route=\/wp\/v2\/types\/post"}],"author":[{"embeddable":true,"href":"https:\/\/zonaroja.com.mx\/index.php?rest_route=\/wp\/v2\/users\/2"}],"replies":[{"embeddable":true,"href":"https:\/\/zonaroja.com.mx\/index.php?rest_route=%2Fwp%2Fv2%2Fcomments&post=9883"}],"version-history":[{"count":1,"href":"https:\/\/zonaroja.com.mx\/index.php?rest_route=\/wp\/v2\/posts\/9883\/revisions"}],"predecessor-version":[{"id":9885,"href":"https:\/\/zonaroja.com.mx\/index.php?rest_route=\/wp\/v2\/posts\/9883\/revisions\/9885"}],"wp:featuredmedia":[{"embeddable":true,"href":"https:\/\/zonaroja.com.mx\/index.php?rest_route=\/wp\/v2\/media\/9884"}],"wp:attachment":[{"href":"https:\/\/zonaroja.com.mx\/index.php?rest_route=%2Fwp%2Fv2%2Fmedia&parent=9883"}],"wp:term":[{"taxonomy":"category","embeddable":true,"href":"https:\/\/zonaroja.com.mx\/index.php?rest_route=%2Fwp%2Fv2%2Fcategories&post=9883"},{"taxonomy":"post_tag","embeddable":true,"href":"https:\/\/zonaroja.com.mx\/index.php?rest_route=%2Fwp%2Fv2%2Ftags&post=9883"}],"curies":[{"name":"wp","href":"https:\/\/api.w.org\/{rel}","templated":true}]}}