{"id":9890,"date":"2020-03-14T20:28:33","date_gmt":"2020-03-15T02:28:33","guid":{"rendered":"http:\/\/www.zonaroja.com.mx\/?p=9890"},"modified":"2020-03-14T20:28:36","modified_gmt":"2020-03-15T02:28:36","slug":"confirman-servicios-de-salud-dos-casos-positivos-de-coronavirus-en-oaxaca","status":"publish","type":"post","link":"https:\/\/zonaroja.com.mx\/?p=9890","title":{"rendered":"Confirman Servicios de Salud dos casos positivos de coronavirus en Oaxaca"},"content":{"rendered":"\n<p>Redacci\u00f3n\/Zona\nRoja.<\/p>\n\n\n\n<p>Oaxaca de\nJu\u00e1rez, Oax. 14 de marzo de 2020.- El gobierno de Oaxaca inform\u00f3 que de acuerdo\ncon los resultados obtenidos por el Laboratorio Estatal de Salud P\u00fablica (LESP)\nde Oaxaca, avalados por la Secretar\u00eda de Salud federal, la entidad reporta dos\ncasos positivos a Covid-19.<\/p>\n\n\n\n<p>La\ndependencia Servicios de Salud de Oaxaca (SSO) detall\u00f3 que se trata de un\nhombre de 62 a\u00f1os de edad, con antecedente de viaje a Nueva York, y una mujer\nde 30 a\u00f1os que viaj\u00f3 por distintos pa\u00edses de Europa, donde presentaban casos de\ntransmisi\u00f3n local comunitaria.<\/p>\n\n\n\n<p>Dijo que\nel estado de salud de ambos pacientes &#8211;de la regi\u00f3n Valles Centrales&#8211; se\nreporta estable, adem\u00e1s de permanecer en aislamiento domiciliario y bajo\nvigilancia epidemiol\u00f3gica por parte de los Servicios de Salud de Oaxaca, al\nigual que seis familiares que tuvieron contacto directo con los casos.<\/p>\n\n\n\n<p>\u201cEl\nGobierno del Estado, bajo la instrucci\u00f3n del gobernador Alejandro Murat\nHinojosa, est\u00e1 listo y trabajando coordinadamente con todas las instancias\ngubernamentales, para llevar a cabo acciones que permitan disminuir los riesgos\nentre la poblaci\u00f3n\u201d, se\u00f1al\u00f3 la dependencia.<\/p>\n\n\n\n<p>Expuso que\ntoda persona que presente s\u00edntomas respiratorios, y que haya estado durante 14\nd\u00edas previos, en alg\u00fan pa\u00eds con transmisi\u00f3n local comunitaria, o en contacto\ndirecto con un caso positivo o sospechoso, debe permanecer en casa y\ncomunicarse a los tel\u00e9fonos 800 0044 800, 51 6 82 42 o 51 6 12 20, donde les\nbrindar\u00e1n orientaci\u00f3n sobre el procedimiento a seguir para su atenci\u00f3n.<\/p>\n\n\n\n<p>Hizo\n\u00e9nfasis en que, de acuerdo con los lineamientos federales, los casos positivos\nde Covid-19 sin complicaciones permanecer\u00e1n en aislamiento domiciliario, y solo\naquellos que, de acuerdo al criterio m\u00e9dico, ameriten hospitalizaci\u00f3n, ser\u00e1n\natendidos en el Hospital General ubicado en Reyes Mantec\u00f3n, el cual est\u00e1\nhabilitado con el equipo m\u00e9dico y humano necesario para atender los mismos.<\/p>\n\n\n\n<p>Tambi\u00e9n\nsiguiendo las instrucciones del gobernador, se suspenden las actividades\nmasivas organizadas por la administraci\u00f3n p\u00fablica, y se exhorta a la poblaci\u00f3n\nen general mantener las medidas higi\u00e9nicas como son el lavado frecuente de\nmanos con agua y jab\u00f3n, o la utilizaci\u00f3n de gel antibacterial, al toser o\nestornudar, cubrirse nariz y boca con un pa\u00f1uelo desechable o el \u00e1ngulo interno\ndel codo.<\/p>\n\n\n\n<p>Finalmente,\npidi\u00f3 a la poblaci\u00f3n mantenerse informada a trav\u00e9s de las instancias\ncorrespondientes, que en el estado ser\u00e1n los SSO, evitar rumores o compartir\ninformaci\u00f3n que no sea de fuentes oficiales.<\/p>\n","protected":false},"excerpt":{"rendered":"<p>Redacci\u00f3n\/Zona Roja. Oaxaca de Ju\u00e1rez, Oax. 14 de marzo de 2020.- El gobierno de Oaxaca&hellip;<\/p>\n","protected":false},"author":2,"featured_media":9508,"comment_status":"closed","ping_status":"open","sticky":false,"template":"","format":"standard","meta":{"_lmt_disableupdate":"","_lmt_disable":"","_jetpack_memberships_contains_paid_content":false,"footnotes":""},"categories":[109,47],"tags":[1512],"class_list":["post-9890","post","type-post","status-publish","format-standard","has-post-thumbnail","hentry","category-minuto-a-minuto","category-zona-gris","tag-coronavirus-oaxaca"],"jetpack_featured_media_url":"https:\/\/zonaroja.com.mx\/wp-content\/uploads\/2020\/03\/Coronavirus-Covid.jpg","jetpack_sharing_enabled":true,"_links":{"self":[{"href":"https:\/\/zonaroja.com.mx\/index.php?rest_route=\/wp\/v2\/posts\/9890","targetHints":{"allow":["GET"]}}],"collection":[{"href":"https:\/\/zonaroja.com.mx\/index.php?rest_route=\/wp\/v2\/posts"}],"about":[{"href":"https:\/\/zonaroja.com.mx\/index.php?rest_route=\/wp\/v2\/types\/post"}],"author":[{"embeddable":true,"href":"https:\/\/zonaroja.com.mx\/index.php?rest_route=\/wp\/v2\/users\/2"}],"replies":[{"embeddable":true,"href":"https:\/\/zonaroja.com.mx\/index.php?rest_route=%2Fwp%2Fv2%2Fcomments&post=9890"}],"version-history":[{"count":1,"href":"https:\/\/zonaroja.com.mx\/index.php?rest_route=\/wp\/v2\/posts\/9890\/revisions"}],"predecessor-version":[{"id":9891,"href":"https:\/\/zonaroja.com.mx\/index.php?rest_route=\/wp\/v2\/posts\/9890\/revisions\/9891"}],"wp:featuredmedia":[{"embeddable":true,"href":"https:\/\/zonaroja.com.mx\/index.php?rest_route=\/wp\/v2\/media\/9508"}],"wp:attachment":[{"href":"https:\/\/zonaroja.com.mx\/index.php?rest_route=%2Fwp%2Fv2%2Fmedia&parent=9890"}],"wp:term":[{"taxonomy":"category","embeddable":true,"href":"https:\/\/zonaroja.com.mx\/index.php?rest_route=%2Fwp%2Fv2%2Fcategories&post=9890"},{"taxonomy":"post_tag","embeddable":true,"href":"https:\/\/zonaroja.com.mx\/index.php?rest_route=%2Fwp%2Fv2%2Ftags&post=9890"}],"curies":[{"name":"wp","href":"https:\/\/api.w.org\/{rel}","templated":true}]}}