{"id":9892,"date":"2020-03-14T20:53:15","date_gmt":"2020-03-15T02:53:15","guid":{"rendered":"http:\/\/www.zonaroja.com.mx\/?p=9892"},"modified":"2020-03-14T20:53:20","modified_gmt":"2020-03-15T02:53:20","slug":"juez-de-oaxaca-otorga-amparo-para-que-gobierno-contenga-covid-19","status":"publish","type":"post","link":"https:\/\/zonaroja.com.mx\/?p=9892","title":{"rendered":"Juez de Oaxaca otorga amparo para que gobierno contenga Covid-19"},"content":{"rendered":"\n<p>Yuridiana\nSosa<\/p>\n\n\n\n<p>Oaxaca de\nJu\u00e1rez, Oax., 14 de marzo de 2020.- A fin de proteger la vida, el Juzgado\nPrimero de Distrito en Oaxaca concedi\u00f3 una suspensi\u00f3n definitiva en una demanda\nde amparo, para que el gobierno federal deje de omitir las medidas suficientes\npara contener la propagaci\u00f3n del Coronavirus Covid- 19.<\/p>\n\n\n\n<p>El\namparo, otorgado este 12 de marzo, se\u00f1ala la falta de implementaci\u00f3n de medidas\ny acciones necesaria, falta de aplicaci\u00f3n de medidas sanitarias, falta de\nadopci\u00f3n de medidas de contenci\u00f3n, falta de emisi\u00f3n de medidas preventivas para\ndetectar los casos de personas infectadas con el Covid- 19 y evitar su\npropagaci\u00f3n en el territorio nacionales\u201d.<\/p>\n\n\n\n<p>La\nsentencia dictada demand\u00f3 a las autoridades responsables otorgar medidas, desde\nla contenci\u00f3n, prevenci\u00f3n y detecci\u00f3n inmediata de las personas infectadas a\nfin de evitar la propagaci\u00f3n del virus y preservar la vida de la parte quejosa.<\/p>\n\n\n\n<p>El\ngobierno federal debe notificar al juzgado, en un plazo de tres d\u00edas, la forma\ny t\u00e9rminos en los que se d\u00e9 cumplimiento a la suspensi\u00f3n decretada.<\/p>\n\n\n\n<p>Este\nviernes, los Servicios de Salud de Oaxaca (SSO) confirmaron la existencia de\ndos casos positivos de coronavirus, en la regi\u00f3n Valles Centrales de la\nentidad.<\/p>\n\n\n\n<p>El pasado\n13 de febrero se registr\u00f3 el primer caso sospechoso de Covid-19 en Oaxaca, el\ncual fue descartado, por lo que Oaxaca se mantuvo entre los estados libres de\ncasos.<\/p>\n\n\n\n<p>A nivel\nnacional se han confirmado 41 personas portadoras del Covid-19, de acuerdo al\ncorte de este viernes por la noche por la Secretar\u00eda de Salud.<\/p>\n","protected":false},"excerpt":{"rendered":"<p>Yuridiana Sosa Oaxaca de Ju\u00e1rez, Oax., 14 de marzo de 2020.- A fin de proteger&hellip;<\/p>\n","protected":false},"author":2,"featured_media":9893,"comment_status":"closed","ping_status":"open","sticky":false,"template":"","format":"standard","meta":{"_lmt_disableupdate":"","_lmt_disable":"","_jetpack_memberships_contains_paid_content":false,"footnotes":""},"categories":[109,47],"tags":[1328],"class_list":["post-9892","post","type-post","status-publish","format-standard","has-post-thumbnail","hentry","category-minuto-a-minuto","category-zona-gris","tag-coronavirus-mexico"],"jetpack_featured_media_url":"https:\/\/zonaroja.com.mx\/wp-content\/uploads\/2020\/03\/Coronavirus-M\u00e9xico-3.jpg","jetpack_sharing_enabled":true,"_links":{"self":[{"href":"https:\/\/zonaroja.com.mx\/index.php?rest_route=\/wp\/v2\/posts\/9892","targetHints":{"allow":["GET"]}}],"collection":[{"href":"https:\/\/zonaroja.com.mx\/index.php?rest_route=\/wp\/v2\/posts"}],"about":[{"href":"https:\/\/zonaroja.com.mx\/index.php?rest_route=\/wp\/v2\/types\/post"}],"author":[{"embeddable":true,"href":"https:\/\/zonaroja.com.mx\/index.php?rest_route=\/wp\/v2\/users\/2"}],"replies":[{"embeddable":true,"href":"https:\/\/zonaroja.com.mx\/index.php?rest_route=%2Fwp%2Fv2%2Fcomments&post=9892"}],"version-history":[{"count":1,"href":"https:\/\/zonaroja.com.mx\/index.php?rest_route=\/wp\/v2\/posts\/9892\/revisions"}],"predecessor-version":[{"id":9894,"href":"https:\/\/zonaroja.com.mx\/index.php?rest_route=\/wp\/v2\/posts\/9892\/revisions\/9894"}],"wp:featuredmedia":[{"embeddable":true,"href":"https:\/\/zonaroja.com.mx\/index.php?rest_route=\/wp\/v2\/media\/9893"}],"wp:attachment":[{"href":"https:\/\/zonaroja.com.mx\/index.php?rest_route=%2Fwp%2Fv2%2Fmedia&parent=9892"}],"wp:term":[{"taxonomy":"category","embeddable":true,"href":"https:\/\/zonaroja.com.mx\/index.php?rest_route=%2Fwp%2Fv2%2Fcategories&post=9892"},{"taxonomy":"post_tag","embeddable":true,"href":"https:\/\/zonaroja.com.mx\/index.php?rest_route=%2Fwp%2Fv2%2Ftags&post=9892"}],"curies":[{"name":"wp","href":"https:\/\/api.w.org\/{rel}","templated":true}]}}