{"id":9905,"date":"2020-03-15T09:13:30","date_gmt":"2020-03-15T15:13:30","guid":{"rendered":"http:\/\/www.zonaroja.com.mx\/?p=9905"},"modified":"2020-03-15T09:13:34","modified_gmt":"2020-03-15T15:13:34","slug":"tiene-mexico-aun-155-casos-sospechosos-de-coronavirus-podrian-ser-positivos","status":"publish","type":"post","link":"https:\/\/zonaroja.com.mx\/?p=9905","title":{"rendered":"Tiene M\u00e9xico a\u00fan 155 casos sospechosos de coronavirus; podr\u00edan ser positivos"},"content":{"rendered":"\n<p>Redacci\u00f3n\/Zona\nRoja Cdmx.<\/p>\n\n\n\n<p>Ciudad de\nM\u00e9xico, 15 de marzo de 2020.- Adem\u00e1s de confirmar 41 casos de personas con\ncoronavirus, M\u00e9xico tiene a\u00fan en an\u00e1lisis 155 casos de sospechosos, varios de\nlos cuales podr\u00edan resultar positivos en las pr\u00f3ximas horas, de acuerdo con datos\nde la Secretar\u00eda de Salud federal.<\/p>\n\n\n\n<p>A dos\nsemanas de que se detect\u00f3 el primer caso positivo de Covid-19 en el pa\u00eds, detall\u00f3\nque Campeche permanece como la \u00fanica entidad sin reportar contagios.<\/p>\n\n\n\n<p>AUMENTAN\nCASOS<\/p>\n\n\n\n<p>A nivel\nmundial, el saldo de la pandemia es de 5 mil 833 decesos, 156 mil 396 contagios\ny 73 mil 966 recuperados, de acuerdo con el conteo de la Universidad Johns\nHopkins (https:\/\/bit.ly\/2wpG0AE).<\/p>\n\n\n\n<p>En tanto\nque la cadena CNA (https:\/\/bit.ly\/38IfDnf) de Singapur refiri\u00f3, a su vez, que\nel balance mundial es de 5 mil 833 decesos y 155 mil 93 contagios.<\/p>\n\n\n\n<p>China,\nque se dice es el pa\u00eds origen de la enfermedad, con 80 mil 844 casos y 3 mil\n119 muertos, registra cifras cada vez m\u00e1s bajas diarias de contagio y\nfallecimientos. Este domingo, hubo 20 infectados, en su mayor\u00eda procedentes del\nextranjero.<\/p>\n\n\n\n<p>AEROPUERTO\nDESCUIDADO<\/p>\n\n\n\n<p>Pese al\ncreciente n\u00famero de casos, en el Aeropuerto Internacional de la Ciudad de\nM\u00e9xico se mantienen relajadas las actividades de revisi\u00f3n.<\/p>\n\n\n\n<p>Lo anterior\npese a que autoridades locales y federales insisten en que se han intensificado\nlas medidas de vigilancia de pasajeros procedentes del extranjero ante el\navance del Covid-19.<\/p>\n\n\n\n<p>Sin\nembrago, varios viajeros se\u00f1alaron al diario \u201cLa Jornada\u201d que no fueron\nsometidos a ning\u00fan procedimiento especial al llegar a la Ciudad de M\u00e9xico.<\/p>\n\n\n\n<p>Carmen,\nestudiante de intercambio que estaba en Barcelona, Espa\u00f1a, coment\u00f3 ayer al\nllegar al pa\u00eds en la aerol\u00ednea Emirates, que no fue sometida a ning\u00fan cuestionario\nni revisi\u00f3n f\u00edsica. <\/p>\n\n\n\n<p>\u201cNo me\npreguntaron nada, tampoco hubo nada al salir de all\u00e1, en la aerol\u00ednea tampoco\nnos dieron ninguna instrucci\u00f3n especial\u201d, dijo.<\/p>\n\n\n\n<p>De\nacuerdo con \u201cLa Jornada\u201d, otra joven, proveniente de Orlando, Florida, Estados\nUnidos, regres\u00f3 en Volaris de sus vacaciones en aquel pa\u00eds y no not\u00f3 ninguna\nmedida especial. Estaba de vacaciones, no regres\u00e9 por el coronavirus, sino\nporque ya me tocaba regresar.<\/p>\n\n\n\n<p>Carlos y\nVicky, acompa\u00f1ados por su hijo, llegaron ayer a la Ciudad de M\u00e9xico. Su vuelo\nde Volaris, sali\u00f3 de San Antonio, Texas, y se\u00f1alaron que \u201cno hubo ning\u00fan\nprotocolo ni en la terminal ni en el avi\u00f3n. Se me hizo raro que no haya\nabsolutamente nada, tanto aqu\u00ed como de donde salimos\u201d, refiri\u00f3 Carlos.<\/p>\n\n\n\n<p>En el\nAICM los oficiales que revisan los documentos para pasar a las salas de \u00faltima\nespera, usan tapabocas, as\u00ed como los que auscultan los equipajes.<\/p>\n","protected":false},"excerpt":{"rendered":"<p>Redacci\u00f3n\/Zona Roja Cdmx. Ciudad de M\u00e9xico, 15 de marzo de 2020.- Adem\u00e1s de confirmar 41&hellip;<\/p>\n","protected":false},"author":2,"featured_media":9906,"comment_status":"closed","ping_status":"open","sticky":false,"template":"","format":"standard","meta":{"_lmt_disableupdate":"","_lmt_disable":"","_jetpack_memberships_contains_paid_content":false,"footnotes":""},"categories":[109,47],"tags":[1510],"class_list":["post-9905","post","type-post","status-publish","format-standard","has-post-thumbnail","hentry","category-minuto-a-minuto","category-zona-gris","tag-coronavirus-pandemia-global"],"jetpack_featured_media_url":"https:\/\/zonaroja.com.mx\/wp-content\/uploads\/2020\/03\/Coronavirus-aeropuerto.jpg","jetpack_sharing_enabled":true,"_links":{"self":[{"href":"https:\/\/zonaroja.com.mx\/index.php?rest_route=\/wp\/v2\/posts\/9905","targetHints":{"allow":["GET"]}}],"collection":[{"href":"https:\/\/zonaroja.com.mx\/index.php?rest_route=\/wp\/v2\/posts"}],"about":[{"href":"https:\/\/zonaroja.com.mx\/index.php?rest_route=\/wp\/v2\/types\/post"}],"author":[{"embeddable":true,"href":"https:\/\/zonaroja.com.mx\/index.php?rest_route=\/wp\/v2\/users\/2"}],"replies":[{"embeddable":true,"href":"https:\/\/zonaroja.com.mx\/index.php?rest_route=%2Fwp%2Fv2%2Fcomments&post=9905"}],"version-history":[{"count":1,"href":"https:\/\/zonaroja.com.mx\/index.php?rest_route=\/wp\/v2\/posts\/9905\/revisions"}],"predecessor-version":[{"id":9907,"href":"https:\/\/zonaroja.com.mx\/index.php?rest_route=\/wp\/v2\/posts\/9905\/revisions\/9907"}],"wp:featuredmedia":[{"embeddable":true,"href":"https:\/\/zonaroja.com.mx\/index.php?rest_route=\/wp\/v2\/media\/9906"}],"wp:attachment":[{"href":"https:\/\/zonaroja.com.mx\/index.php?rest_route=%2Fwp%2Fv2%2Fmedia&parent=9905"}],"wp:term":[{"taxonomy":"category","embeddable":true,"href":"https:\/\/zonaroja.com.mx\/index.php?rest_route=%2Fwp%2Fv2%2Fcategories&post=9905"},{"taxonomy":"post_tag","embeddable":true,"href":"https:\/\/zonaroja.com.mx\/index.php?rest_route=%2Fwp%2Fv2%2Ftags&post=9905"}],"curies":[{"name":"wp","href":"https:\/\/api.w.org\/{rel}","templated":true}]}}