{"id":9927,"date":"2020-03-15T21:08:08","date_gmt":"2020-03-16T03:08:08","guid":{"rendered":"http:\/\/www.zonaroja.com.mx\/?p=9927"},"modified":"2020-03-15T21:08:23","modified_gmt":"2020-03-16T03:08:23","slug":"incompleto-el-censo-a-afromexicanos-denuncia-activista-de-la-costa","status":"publish","type":"post","link":"https:\/\/zonaroja.com.mx\/?p=9927","title":{"rendered":"Incompleto el censo a afromexicanos, denuncia activista de la Costa"},"content":{"rendered":"\n<p>Ismael\nGarc\u00eda M.\/Zona Roja.<\/p>\n\n\n\n<p>Oaxaca de\nJu\u00e1rez, Oax., 16 de marzo de 2020.- El censo que aplica el Instituto Nacional\nde Geograf\u00eda y Estad\u00edstica (INEGI) a los pueblos afromexicanos de Oaxaca es\nincompleto, denunci\u00f3 la activista y defensora de esa poblaci\u00f3n, Rosa Mar\u00eda\nCastro Salinas.<\/p>\n\n\n\n<p>\u201cDenuncio\np\u00fablicamente que algunos encuestafor@s est\u00e1n omitiendo la pregunta de\nautoadscripci\u00f3n de afrodescendencia, sus argumentos son que en ciertos estados\nno hay negros o afromexicanos\u201d, se\u00f1al\u00f3 a trav\u00e9s de sus redes sociales. <\/p>\n\n\n\n<p>La\npresidenta de la Asociaci\u00f3n de Mujeres de la Costa de Oaxaca (AMCO) expuso que\nla inclusi\u00f3n de las y los afromexicanos o negros en este Censo2020 es resultado\nde una lucha social de las organizaciones civiles afronexicanas. <\/p>\n\n\n\n<p>\u201cNo es\nposible que en la capacitaci\u00f3n que les dieron a las y los entrevistadores, el INEGI\nno les haya dicho que en todos los estados de la Rep\u00fablica hay personas\nafromexicanas y que deber\u00edan hacer la pregunta. <\/p>\n\n\n\n<p>\u201cRacismo\ninstitucional estamos viendo en estas actuaciones. Desde AMCO A. C., exigimos\nun censo incluyente\u201d, dijo Castro Salinas, quien ha defendido a nivel nacional\ne internacional los derechos de esa poblaci\u00f3n. <\/p>\n\n\n\n<p>A\u00f1adi\u00f3 que\nla ancestr\u00eda afromexicana o negra no se da por el color de la piel, \u201cva m\u00e1s\nall\u00e1, por eso deben hacer la pregunta de autoadescripci\u00f3n y la gente que decida\nautoadscribirse o no, pero no las o los encuestadores\u201d, puntualiz\u00f3.<\/p>\n\n\n\n<p>El\ngobierno de M\u00e9xico ha presumido que el censo 2020 que aplica el INEGI desde el\n2 de marzo en todo el pa\u00eds, toma por primera vez en cuenta a los pueblos\nafromexicanos.<\/p>\n","protected":false},"excerpt":{"rendered":"<p>Ismael Garc\u00eda M.\/Zona Roja. Oaxaca de Ju\u00e1rez, Oax., 16 de marzo de 2020.- El censo&hellip;<\/p>\n","protected":false},"author":2,"featured_media":9928,"comment_status":"closed","ping_status":"open","sticky":false,"template":"","format":"standard","meta":{"_lmt_disableupdate":"","_lmt_disable":"","_jetpack_memberships_contains_paid_content":false,"footnotes":""},"categories":[109,47],"tags":[1520],"class_list":["post-9927","post","type-post","status-publish","format-standard","has-post-thumbnail","hentry","category-minuto-a-minuto","category-zona-gris","tag-censo-2020-inegi"],"jetpack_featured_media_url":"https:\/\/zonaroja.com.mx\/wp-content\/uploads\/2020\/03\/Rosa-Mar\u00eda-Castro.jpg","jetpack_sharing_enabled":true,"_links":{"self":[{"href":"https:\/\/zonaroja.com.mx\/index.php?rest_route=\/wp\/v2\/posts\/9927","targetHints":{"allow":["GET"]}}],"collection":[{"href":"https:\/\/zonaroja.com.mx\/index.php?rest_route=\/wp\/v2\/posts"}],"about":[{"href":"https:\/\/zonaroja.com.mx\/index.php?rest_route=\/wp\/v2\/types\/post"}],"author":[{"embeddable":true,"href":"https:\/\/zonaroja.com.mx\/index.php?rest_route=\/wp\/v2\/users\/2"}],"replies":[{"embeddable":true,"href":"https:\/\/zonaroja.com.mx\/index.php?rest_route=%2Fwp%2Fv2%2Fcomments&post=9927"}],"version-history":[{"count":1,"href":"https:\/\/zonaroja.com.mx\/index.php?rest_route=\/wp\/v2\/posts\/9927\/revisions"}],"predecessor-version":[{"id":9929,"href":"https:\/\/zonaroja.com.mx\/index.php?rest_route=\/wp\/v2\/posts\/9927\/revisions\/9929"}],"wp:featuredmedia":[{"embeddable":true,"href":"https:\/\/zonaroja.com.mx\/index.php?rest_route=\/wp\/v2\/media\/9928"}],"wp:attachment":[{"href":"https:\/\/zonaroja.com.mx\/index.php?rest_route=%2Fwp%2Fv2%2Fmedia&parent=9927"}],"wp:term":[{"taxonomy":"category","embeddable":true,"href":"https:\/\/zonaroja.com.mx\/index.php?rest_route=%2Fwp%2Fv2%2Fcategories&post=9927"},{"taxonomy":"post_tag","embeddable":true,"href":"https:\/\/zonaroja.com.mx\/index.php?rest_route=%2Fwp%2Fv2%2Ftags&post=9927"}],"curies":[{"name":"wp","href":"https:\/\/api.w.org\/{rel}","templated":true}]}}