{"id":9930,"date":"2020-03-16T07:34:01","date_gmt":"2020-03-16T13:34:01","guid":{"rendered":"http:\/\/www.zonaroja.com.mx\/?p=9930"},"modified":"2020-03-16T07:34:04","modified_gmt":"2020-03-16T13:34:04","slug":"descartan-muerte-de-empresario-jose-kuri-esta-en-estado-critico","status":"publish","type":"post","link":"https:\/\/zonaroja.com.mx\/?p=9930","title":{"rendered":"Descartan muerte de empresario Jos\u00e9 Kuri; est\u00e1 en \u201cestado cr\u00edtico\u201d"},"content":{"rendered":"\n<p>Redacci\u00f3n\/Zona\nRoja Cdmx.<\/p>\n\n\n\n<p>Ciudad de\nM\u00e9xico, 16 de marzo de 2020.- Tras difusi\u00f3n en redes sociales, la Secretar\u00eda de\nSalud del gobierno federal descart\u00f3 anoche el fallecimiento por coronavirus del\nempresario Jos\u00e9 Kuri Harfush, primo del magnate Carlos Slim.<\/p>\n\n\n\n<p>No obstante,\nla dependencia reconoci\u00f3 en un comunicado que se encuentra en \u201cestado cr\u00edtico\u201d\nde salud.<\/p>\n\n\n\n<p>En el\nbolet\u00edn, la secretar\u00eda no especific\u00f3 el nombre del empresario, sino que lo\nidentific\u00f3 como un paciente masculino de 71 a\u00f1os de edad, enfermo de\ncoronavirus Covid-19. <\/p>\n\n\n\n<p>No\nobstante, de manera extraoficial funcionarios de esa secretar\u00eda confirmaron que\nse trata de Jos\u00e9 Kuri Harfush. <\/p>\n\n\n\n<p>\u00abLa\nSecretar\u00eda de Salud ha confirmado que hasta las 23:00 horas de este 15 de marzo\nel paciente no ha fallecido pero se encuentra en estado cr\u00edtico\u00bb, expuso.<\/p>\n\n\n\n<p>Anoche\ndiversos l\u00edderes de opini\u00f3n y sitios informativos digitales hab\u00edan confirmado\nel deceso de Jos\u00e9 Kuri Harfush, mientras que varios integrantes de su familia\npadec\u00edan coronavirus.<\/p>\n","protected":false},"excerpt":{"rendered":"<p>Redacci\u00f3n\/Zona Roja Cdmx. Ciudad de M\u00e9xico, 16 de marzo de 2020.- Tras difusi\u00f3n en redes&hellip;<\/p>\n","protected":false},"author":2,"featured_media":9931,"comment_status":"closed","ping_status":"open","sticky":false,"template":"","format":"standard","meta":{"_lmt_disableupdate":"","_lmt_disable":"","_jetpack_memberships_contains_paid_content":false,"footnotes":""},"categories":[109,47],"tags":[1328],"class_list":["post-9930","post","type-post","status-publish","format-standard","has-post-thumbnail","hentry","category-minuto-a-minuto","category-zona-gris","tag-coronavirus-mexico"],"jetpack_featured_media_url":"https:\/\/zonaroja.com.mx\/wp-content\/uploads\/2020\/03\/Jos\u00e9-Kuri.jpg","jetpack_sharing_enabled":true,"_links":{"self":[{"href":"https:\/\/zonaroja.com.mx\/index.php?rest_route=\/wp\/v2\/posts\/9930","targetHints":{"allow":["GET"]}}],"collection":[{"href":"https:\/\/zonaroja.com.mx\/index.php?rest_route=\/wp\/v2\/posts"}],"about":[{"href":"https:\/\/zonaroja.com.mx\/index.php?rest_route=\/wp\/v2\/types\/post"}],"author":[{"embeddable":true,"href":"https:\/\/zonaroja.com.mx\/index.php?rest_route=\/wp\/v2\/users\/2"}],"replies":[{"embeddable":true,"href":"https:\/\/zonaroja.com.mx\/index.php?rest_route=%2Fwp%2Fv2%2Fcomments&post=9930"}],"version-history":[{"count":1,"href":"https:\/\/zonaroja.com.mx\/index.php?rest_route=\/wp\/v2\/posts\/9930\/revisions"}],"predecessor-version":[{"id":9932,"href":"https:\/\/zonaroja.com.mx\/index.php?rest_route=\/wp\/v2\/posts\/9930\/revisions\/9932"}],"wp:featuredmedia":[{"embeddable":true,"href":"https:\/\/zonaroja.com.mx\/index.php?rest_route=\/wp\/v2\/media\/9931"}],"wp:attachment":[{"href":"https:\/\/zonaroja.com.mx\/index.php?rest_route=%2Fwp%2Fv2%2Fmedia&parent=9930"}],"wp:term":[{"taxonomy":"category","embeddable":true,"href":"https:\/\/zonaroja.com.mx\/index.php?rest_route=%2Fwp%2Fv2%2Fcategories&post=9930"},{"taxonomy":"post_tag","embeddable":true,"href":"https:\/\/zonaroja.com.mx\/index.php?rest_route=%2Fwp%2Fv2%2Ftags&post=9930"}],"curies":[{"name":"wp","href":"https:\/\/api.w.org\/{rel}","templated":true}]}}