{"id":9933,"date":"2020-03-16T08:44:17","date_gmt":"2020-03-16T14:44:17","guid":{"rendered":"http:\/\/www.zonaroja.com.mx\/?p=9933"},"modified":"2020-03-16T08:44:20","modified_gmt":"2020-03-16T14:44:20","slug":"promueve-poder-judicial-administracion-de-justicia-con-perspectiva-intercultural","status":"publish","type":"post","link":"https:\/\/zonaroja.com.mx\/?p=9933","title":{"rendered":"Promueve Poder Judicial administraci\u00f3n de justicia con perspectiva intercultural"},"content":{"rendered":"\n<p>Redacci\u00f3n\/Zona\nRoja.<\/p>\n\n\n\n<p>Oaxaca de\nJu\u00e1rez, Oax., 16 de marzo de 2020.- Al inaugurar el \u2018Seminario Especializado\npara la Construcci\u00f3n de un Sistema de Justicia Pluralista\u2019, que se realiza\nconjuntamente con el Centro Profesional Ind\u00edgena de Asesor\u00eda y Traducci\u00f3n (Cepiadet),\nel titular del Poder Judicial del Estado, Eduardo Pinacho S\u00e1nchez, indic\u00f3 que\nesta instituci\u00f3n tiene la responsabilidad de salvaguardar los derechos de los\npueblos y comunidades originarias y afrodescendientes de la entidad.<\/p>\n\n\n\n<p>En este\ncompromiso, destac\u00f3 que a trav\u00e9s de la Sala de Justicia Ind\u00edgena &#8211;\u00fanica en su\ntipo en el pa\u00eds y en Latinoam\u00e9rica&#8211;, se han logrado resultados encomiables y\ndos de sus resoluciones han llegado al m\u00e1ximo tribunal del pa\u00eds: la Suprema\nCorte de Justicia y particularmente en el caso de San Crist\u00f3bal Suchixtlahuaca,\nlos ministros reconocieron la validez de su sentencia y establecieron un\ncriterio de avanzada en el reconocimiento de la jurisdicci\u00f3n ind\u00edgena.<\/p>\n\n\n\n<p>Ante el\npresidente del Consejo Directivo del Cepiadet, Tom\u00e1s L\u00f3pez Sarabia; de la\ninvestigadora del Departamento de Derecho del Instituto Tecnol\u00f3gico Aut\u00f3nomo de\nM\u00e9xico (ITAM), Tatiana Alfonso Sierra; y el director de Derechos Humanos del\nConsejo de la Judicatura, V\u00edctor Leonel Juan Mart\u00ednez; el titular del Poder\nJudicial se\u00f1al\u00f3 que diferentes salas del Tribunal Superior de Justicia han\nincorporado la perspectiva cultural en sus definiciones.<\/p>\n\n\n\n<p>\u201cEs\nnecesario reconocer que la perspectiva pluralista no se ha transversalizado de\nmanera suficiente en todo el Poder Judicial y que la perspectiva del pluralismo\njur\u00eddico requiere no solo fortalecer las capacidades ya instaladas, sino\npermear en toda la instituci\u00f3n y la sociedad\u201d, afirm\u00f3 en el acto que se realiz\u00f3\nen el auditorio \u201cBenito Ju\u00e1rez\u00bb, anexo a los Juzgados Civiles y Familiares\ndel Centro.<\/p>\n\n\n\n<p>Por ello,\ndestac\u00f3 la importancia del \u2018Seminario Especializado para la Construcci\u00f3n de un\nSistema de Justicia Pluralista\u2019 que permitir\u00e1 visibilizar tambi\u00e9n que esta\nimagen de la justicia como ciega ante las diferencias, ha generado exclusiones,\ndiscriminaci\u00f3n y un racismo que se observa de manera particular hacia los\npueblos y personas ind\u00edgenas.<\/p>\n\n\n\n<p>Las\nactividades del seminario, que concluir\u00e1n en el mes de mayo y al que asisten\nservidores y servidoras del Poder Judicial del Estado, iniciaron con la\nconferencia magistral \u2018Racismo Judicial\u2019 a cargo de la Doctora Tatiana Alfonso\nSierra, profesora de tiempo completo del departamento de Derecho del ITAM,\nquien hizo \u00e9nfasis en la necesidad de terminar con desigualdades, prejuicios y\nestereotipos para garantizar a las personas ind\u00edgenas un verdadero acceso a la\njusticia.<\/p>\n","protected":false},"excerpt":{"rendered":"<p>Redacci\u00f3n\/Zona Roja. Oaxaca de Ju\u00e1rez, Oax., 16 de marzo de 2020.- Al inaugurar el \u2018Seminario&hellip;<\/p>\n","protected":false},"author":2,"featured_media":9934,"comment_status":"closed","ping_status":"open","sticky":false,"template":"","format":"standard","meta":{"_lmt_disableupdate":"","_lmt_disable":"","_jetpack_memberships_contains_paid_content":false,"footnotes":""},"categories":[109,46],"tags":[1369],"class_list":["post-9933","post","type-post","status-publish","format-standard","has-post-thumbnail","hentry","category-minuto-a-minuto","category-zona-blanca","tag-tribunal-superior-de-justicia-de-oaxacatsejo"],"jetpack_featured_media_url":"https:\/\/zonaroja.com.mx\/wp-content\/uploads\/2020\/03\/01SEMINARIO.jpg","jetpack_sharing_enabled":true,"_links":{"self":[{"href":"https:\/\/zonaroja.com.mx\/index.php?rest_route=\/wp\/v2\/posts\/9933","targetHints":{"allow":["GET"]}}],"collection":[{"href":"https:\/\/zonaroja.com.mx\/index.php?rest_route=\/wp\/v2\/posts"}],"about":[{"href":"https:\/\/zonaroja.com.mx\/index.php?rest_route=\/wp\/v2\/types\/post"}],"author":[{"embeddable":true,"href":"https:\/\/zonaroja.com.mx\/index.php?rest_route=\/wp\/v2\/users\/2"}],"replies":[{"embeddable":true,"href":"https:\/\/zonaroja.com.mx\/index.php?rest_route=%2Fwp%2Fv2%2Fcomments&post=9933"}],"version-history":[{"count":1,"href":"https:\/\/zonaroja.com.mx\/index.php?rest_route=\/wp\/v2\/posts\/9933\/revisions"}],"predecessor-version":[{"id":9935,"href":"https:\/\/zonaroja.com.mx\/index.php?rest_route=\/wp\/v2\/posts\/9933\/revisions\/9935"}],"wp:featuredmedia":[{"embeddable":true,"href":"https:\/\/zonaroja.com.mx\/index.php?rest_route=\/wp\/v2\/media\/9934"}],"wp:attachment":[{"href":"https:\/\/zonaroja.com.mx\/index.php?rest_route=%2Fwp%2Fv2%2Fmedia&parent=9933"}],"wp:term":[{"taxonomy":"category","embeddable":true,"href":"https:\/\/zonaroja.com.mx\/index.php?rest_route=%2Fwp%2Fv2%2Fcategories&post=9933"},{"taxonomy":"post_tag","embeddable":true,"href":"https:\/\/zonaroja.com.mx\/index.php?rest_route=%2Fwp%2Fv2%2Ftags&post=9933"}],"curies":[{"name":"wp","href":"https:\/\/api.w.org\/{rel}","templated":true}]}}