{"id":9936,"date":"2020-03-16T09:27:31","date_gmt":"2020-03-16T15:27:31","guid":{"rendered":"http:\/\/www.zonaroja.com.mx\/?p=9936"},"modified":"2020-03-16T12:02:54","modified_gmt":"2020-03-16T18:02:54","slug":"nancy-ortiz-la-superdelegada-que-no-coordina-a-nadie-y-quiere-ser-diputada","status":"publish","type":"post","link":"https:\/\/zonaroja.com.mx\/?p=9936","title":{"rendered":"Nancy Ortiz, la \u201csuperdelegada\u201d que no coordina a nadie y quiere ser diputada"},"content":{"rendered":"\n<p>#Opini\u00f3n\nZona Cr\u00edtica.<\/p>\n\n\n\n<p>Nancy\nOrtiz, la \u201csuperdelegada\u201d que no coordina a nadie y quiere ser diputada<\/p>\n\n\n\n<p>Ismael\nGarc\u00eda M.\/Zona Roja.<\/p>\n\n\n\n<p>Oaxaca de\nJu\u00e1rez, Oax., 16 de marzo de 2020.- Asegura ser morenista de hueso colorado,\npero act\u00faa como priista. Como en los viejos tiempos del tricolor, utiliza los\nprogramas sociales para recorrer las comunidades, tomarse la foto, difundirla y\nalardear de los beneficios de la Cuarta Transformaci\u00f3n.<\/p>\n\n\n\n<p>\u00bfNancy\nOrtiz Cabrera quiere ser candidata a diputada federal o local? La respuesta es\ns\u00ed y lo ha hecho saber a su cercano equipo de trabajo, que tiene la instrucci\u00f3n\nde mostrar a una mujer trabajadora, que recorre permanentemente las regiones de\nOaxaca, que es atenta y que est\u00e1 trabajando por Oaxaca; es decir, maquillaje.<\/p>\n\n\n\n<p>Sin embargo,\nest\u00e1 sola. Sin grupo pol\u00edtico fuerte, Nancy Ortiz cav\u00f3 su propia tumba al\ndesligarse del equipo del senador Salom\u00f3n Jara Cruz y de Flavio Sosa\nVillavivencio, uno de los m\u00e1s fuertes al interior del Partido Morena y que est\u00e1\ntomando las decisiones torales en distintos \u00e1mbitos pol\u00edticos y\nadministrativos.<\/p>\n\n\n\n<p>Ortiz\nCabrera, con estudios m\u00e1ximos de una carrera comercial como secretaria\nejecutiva, es originaria de San Juan Bautista Cuicatl\u00e1n y era una modesta\ntrabajadora al servicio del gobierno que encabez\u00f3 Gabino Cu\u00e9 Monteagudo.<\/p>\n\n\n\n<p>En 2015 se separ\u00f3 del cargo para, con el apoyo de Salom\u00f3n Jara y Flavio Sosa, ser candidata a la diputaci\u00f3n local por Morena, en el distrito 02, con cabecera en Teotitl\u00e1n de Flores Mag\u00f3n.<\/p>\n\n\n\n<p>Tras su\nderrota, le fue encargada la dirigencia del partido hasta finales de 2018; en\nese lapso, nunca logr\u00f3 aglutinar a todas las corrientes pol\u00edticas y por el\ncontrario, se distanci\u00f3 del principal; no hay registros de sus logros como\npresidenta del partido. <\/p>\n\n\n\n<p>Se\ncomenz\u00f3 a marear con el poder y se deshizo de pr\u00e1cticamente todos los grupos\nfuertes en Morena e incluso comenz\u00f3 a afectar intereses internos, a su propia\nconveniencia y creyendo que as\u00ed forjar\u00eda un mejor futuro pol\u00edtico.<\/p>\n\n\n\n<p>A mitad\nde ese a\u00f1o, ya hab\u00eda sido designada por L\u00f3pez Obrador como virtual coordinador\nfederal de los programas sociales en Oaxaca, tras el triunfo electoral del hoy\nmandatario mexicano.<\/p>\n\n\n\n<p>El 1 de\ndiciembre de 2018 tom\u00f3 el cargo como coordinadora de los programas Bienestar\ndel gobierno federal y responsable de todo el aparato gubernamental de la\nFederaci\u00f3n. M\u00e1s oportunidades para su lucimiento personal.<\/p>\n\n\n\n<p>TRANSFORMACI\u00d3N\nGRIS<\/p>\n\n\n\n<p>Pero a\nella no le interesa el apotegma lopezobradorista de \u201cno mentir, no robar, no\ntraicionar al pueblo\u201d.<\/p>\n\n\n\n<p>Est\u00e1 en\nproceso de investigaci\u00f3n en el interior del Partido Morena de Oaxaca la\nadquisici\u00f3n de un predio con construcci\u00f3n, en la avenida S\u00edmbolos Patrios, al\nsur de la capital oaxaque\u00f1a para oficinas del partido.<\/p>\n\n\n\n<p>En su\ngesti\u00f3n como presidenta, lo adquiri\u00f3 en aproximadamente siete millones de\npesos. Sin embargo, de acuerdo con fuentes consultadas que hicieron un aval\u00fao,\nno cuesta m\u00e1s de cuatro millones de pesos.<\/p>\n\n\n\n<p>Hasta\nhace unas semanas, el partido a\u00fan rentaba oficinas en el fraccionamiento La\nNoria de la capital.<\/p>\n\n\n\n<p>La\ntransparencia tampoco es lo de ella. En marzo del a\u00f1o pasado, el diario \u201cEl\nUniversal\u201d public\u00f3 que la principal responsable del gobierno federal en Oaxaca \u201cocult\u00f3\nsus datos patrimoniales a su nombre, como bienes inmuebles, veh\u00edculos, bienes\nmuebles e inversiones, pese a que manifest\u00f3 estar de acuerdo en hacerlos\np\u00fablicos. <\/p>\n\n\n\n<p>\u201cDe\nacuerdo con una consulta a la Declaraci\u00f3n Patrimonial que present\u00f3 a la\nSecretar\u00eda de la Funci\u00f3n P\u00fablica (SFP), la funcionaria adscrita a la Secretar\u00eda\ndel Bienestar (antes Secretar\u00eda de Desarrollo Social) inform\u00f3 que sus ingresos\nmensuales netos ascienden a 87 mil 155 pesos, como remuneraci\u00f3n por su cargo\np\u00fablico. La declaraci\u00f3n la present\u00f3 el 29 de enero de este a\u00f1o y como\nexperiencia profesional, describe que cuenta con una carrera comercial de\nSecretaria Ejecutiva en espa\u00f1ol, curso tomado en la ciudad de M\u00e9xico, del que\nrecibi\u00f3 una constancia de estudios.<\/p>\n\n\n\n<p>\u201cEn el\ndocumento precisa que sus datos curriculares consisten en la gerencia del\nrestaurante \u2018La Cuicateca\u2019 en Cuicatl\u00e1n, Oaxaca; coordinadora de M\u00f3dulos de\nDesarrollo en la regi\u00f3n Ca\u00f1ada del Gobierno del Estado durante el sexenio de\nGabino Cu\u00e9, y presidenta estatal del partido Movimiento de Regeneraci\u00f3n\nNacional (Morena). <\/p>\n\n\n\n<p>\u201cNancy\nOrtiz no report\u00f3 tener ninguna deuda puesto, cargo, comisi\u00f3n, actividades o\npoderes que actualmente tenga el declarante, c\u00f3nyuge, concubina o concubinario\ny\/o dependientes econ\u00f3micos en asociaciones, sociedades, consejos, actividades\nfilantr\u00f3picas y\/o consultor\u00eda\u201d.<\/p>\n\n\n\n<p>CONTINUOS\nRECLAMOS<\/p>\n\n\n\n<p>Los reclamos\nhan sido constantes durante su gesti\u00f3n de un a\u00f1o y casi cuatro meses.<\/p>\n\n\n\n<p>Primero\nfueron unos 500 \u201cServidores de la naci\u00f3n\u201d que la acusaron de prometerles un\npago mensual de siete mil 200 pesos y despu\u00e9s s\u00f3lo les dio tres mil 200; los\nafectados tuvieron que hacer la denuncia p\u00fablica para que les liquidaran.<\/p>\n\n\n\n<p>Despu\u00e9s\nse dio a conocer la denuncia e investigaci\u00f3n en contra de ella &#8211;y de al menos\n13 delegados m\u00e1s del pa\u00eds&#8211; por malversaci\u00f3n de fondos federales; el caso fue\narchivado por la Cuarta Transformaci\u00f3n.<\/p>\n\n\n\n<p>M\u00c1S\nQUEJAS<\/p>\n\n\n\n<p>Por lo\nmenos en tres ocasiones &#8211;por no decir que cada vez que viene Andr\u00e9s Manuel\nL\u00f3pez Obrador a Oaxaca&#8211; es acusada de incumplir compromisos oficiales. Como ocurri\u00f3\ncon los pobladores de Ayutla Mixe, a los que el Presidente le encarg\u00f3 a la\ndelegada federal resolver el problema de falta de agua por conflictos con\nTamazul\u00e1pam Mixe.<\/p>\n\n\n\n<p>A los de\nTilzapote, en octubre de 2019, que tuvieron que retenerla por varias horas a\nbordo de su veh\u00edculo en la carretera federal 200, al no cumplir su palabra de\nintervenir para impedir el despojo de tierras a esa comunidad coste\u00f1a.<\/p>\n\n\n\n<p>A los pobladores de la Valles Centrales-Sierra Norte, concretamente de Albarradas, quienes la acusaron delante de L\u00f3pez Obrador que los apoyos federales no le llega.<\/p>\n\n\n\n<p>Pero los\nse\u00f1alamientos no le hacen mella. Hace mucho que dej\u00f3 la austeridad; hace mucho\nque dej\u00f3 de usar ropa sencilla y todas sus prendas, de corte \u00e9tnico, son\nvaluadas en miles de pesos cada una, adquiridas de dise\u00f1ador.<\/p>\n\n\n\n<p>Tiene chofer\ny camioneta de lujo a la puerta; se promueve constantemente en las giras de\ntrabajo, al estilo priista, para decir que ella gestion\u00f3 ante L\u00f3pez Obrador los\nprogramas sociales.<\/p>\n\n\n\n<p>\u201cEn la\nDelegaci\u00f3n de @BienestarMxOax, sostuve una reuni\u00f3n de trabajo con autoridades\nmunicipales de la mixteca, al lado del Subdelegado Regional de Bienestar\nJonathan Reyes, verificamos que los apoyos de los programas lleguen sin\nproblemas a los beneficiarios de la regi\u00f3n\u201d, poste\u00f3 apenas el pasado viernes.<\/p>\n\n\n\n<p>\u201cLlegamos\na la Sierra Sur a convivir con nuestros paisanos de San Antonio de Padua, en\ncompa\u00f1\u00eda de las familias de esta comunidad entregamos obras terminadas a la \u2018Escuela\nPrimaria General Ignacio Zaragoza del lugar; recursos que provienen del\nprograma #LaEscuelaEsNuestra\u00b4\u201d, escribi\u00f3 el 8 de marzo; todas las fotos, bien\ncuidadas, sonriente, con gente, saludando&#8230;<\/p>\n\n\n\n<p>Sin embargo, la realidad es otra. Pese a que debe coordinar a todos los delegados de dependencias federales, su \u00fanica preocupaci\u00f3n es la representaci\u00f3n de la Secretar\u00eda de Bienestar, porque representan programas sociales, oportunidad para acercarse a la gente.<\/p>\n\n\n\n<p>Y el manejo de su imagen lo encarg\u00f3 a un priista de cepa, Miguel Quintana, ex edil de Santa Cruz Amilpas, ligado a Ulises Ruiz Ortiz, Jorge Franco Vargas y Jos\u00e9 Manuel Vera Salinas, que combatieron a la APPO en 2006, a trav\u00e9s de las llamadas \u201ccaravanas de la muerte\u201d, seg\u00fan consta en cientos de publicaciones period\u00edsticas de es a\u00f1o y posteriores.<\/p>\n\n\n\n<p>Varios delegados confiesan que hace muchos meses no tienen una reuni\u00f3n con Nancy Ortiz; no saben las directrices; no conocen a pie juntillas los lineamientos de L\u00f3pez Obrador para Oaxaca; cada quien hace lo que quiere, como el de la SCT, Jos\u00e9 Luis Chida Pardo, y el de la antigua Liconsa hoy Segalmex, Jorge Bustamante, que prefieren obedecer y ce\u00f1irse al priista Alejandro Murat.<\/p>\n\n\n\n<p>\u00bfSu relaci\u00f3n con el gobernador de Oaxaca y con los dem\u00e1s funcionarios del gabinete? Distante; ella cree y quiere que le rindan pleites\u00eda, que la busquen, porque se considera todo poderosa.<\/p>\n\n\n\n<p>No hay\ncoordinaci\u00f3n; nadie sabe c\u00f3mo quedar\u00e1 en su cargo, como delegado, como representante,\ncomo segundo al mando; Nancy Ortiz se desentiende de todos los dem\u00e1s. Pero eso\ns\u00ed, quiere ser diputada. Pero est\u00e1 distanciada de los principales grupos del\nPartido Morena, y por ahora no es bien vista ni est\u00e1 considerada en los planes\npol\u00edtico-electorales.<\/p>\n","protected":false},"excerpt":{"rendered":"<p>#Opini\u00f3n Zona Cr\u00edtica. Nancy Ortiz, la \u201csuperdelegada\u201d que no coordina a nadie y quiere ser&hellip;<\/p>\n","protected":false},"author":2,"featured_media":7610,"comment_status":"closed","ping_status":"open","sticky":false,"template":"","format":"standard","meta":{"_lmt_disableupdate":"","_lmt_disable":"","_jetpack_memberships_contains_paid_content":false,"footnotes":""},"categories":[456,109,48],"tags":[1353],"class_list":["post-9936","post","type-post","status-publish","format-standard","has-post-thumbnail","hentry","category-columna","category-minuto-a-minuto","category-zona-critica","tag-opinion-zona-critica"],"jetpack_featured_media_url":"https:\/\/zonaroja.com.mx\/wp-content\/uploads\/2020\/01\/Opini\u00f3n-Zona-Cr\u00edtica.jpg","jetpack_sharing_enabled":true,"_links":{"self":[{"href":"https:\/\/zonaroja.com.mx\/index.php?rest_route=\/wp\/v2\/posts\/9936","targetHints":{"allow":["GET"]}}],"collection":[{"href":"https:\/\/zonaroja.com.mx\/index.php?rest_route=\/wp\/v2\/posts"}],"about":[{"href":"https:\/\/zonaroja.com.mx\/index.php?rest_route=\/wp\/v2\/types\/post"}],"author":[{"embeddable":true,"href":"https:\/\/zonaroja.com.mx\/index.php?rest_route=\/wp\/v2\/users\/2"}],"replies":[{"embeddable":true,"href":"https:\/\/zonaroja.com.mx\/index.php?rest_route=%2Fwp%2Fv2%2Fcomments&post=9936"}],"version-history":[{"count":3,"href":"https:\/\/zonaroja.com.mx\/index.php?rest_route=\/wp\/v2\/posts\/9936\/revisions"}],"predecessor-version":[{"id":9946,"href":"https:\/\/zonaroja.com.mx\/index.php?rest_route=\/wp\/v2\/posts\/9936\/revisions\/9946"}],"wp:featuredmedia":[{"embeddable":true,"href":"https:\/\/zonaroja.com.mx\/index.php?rest_route=\/wp\/v2\/media\/7610"}],"wp:attachment":[{"href":"https:\/\/zonaroja.com.mx\/index.php?rest_route=%2Fwp%2Fv2%2Fmedia&parent=9936"}],"wp:term":[{"taxonomy":"category","embeddable":true,"href":"https:\/\/zonaroja.com.mx\/index.php?rest_route=%2Fwp%2Fv2%2Fcategories&post=9936"},{"taxonomy":"post_tag","embeddable":true,"href":"https:\/\/zonaroja.com.mx\/index.php?rest_route=%2Fwp%2Fv2%2Ftags&post=9936"}],"curies":[{"name":"wp","href":"https:\/\/api.w.org\/{rel}","templated":true}]}}