{"id":9944,"date":"2020-03-16T10:40:17","date_gmt":"2020-03-16T16:40:17","guid":{"rendered":"http:\/\/www.zonaroja.com.mx\/?p=9944"},"modified":"2020-03-16T10:40:20","modified_gmt":"2020-03-16T16:40:20","slug":"familiares-de-desaparecidos-en-tlahuitoltepec-evidencian-complicidad-de-autoridades","status":"publish","type":"post","link":"https:\/\/zonaroja.com.mx\/?p=9944","title":{"rendered":"Familiares de desaparecidos en Tlahuitoltepec evidencian complicidad de autoridades"},"content":{"rendered":"\n<p>Yuridiana\nSosa\/Zona Roja.<\/p>\n\n\n\n<p>Oaxaca de\nJu\u00e1rez, Oax., 13 de marzo de 2020.- A m\u00e1s de cuatro meses de la desaparici\u00f3n y\nno localizaci\u00f3n de dos hombres vistos por \u00faltima vez en Santa Mar\u00eda\nTlahuitoltepec, la familia de una de las v\u00edctimas se\u00f1al\u00f3 un montaje por parte\nde las autoridades municipales para deslindarse de las responsabilidades y\nevitar investigaciones en su comunidad por parte de la Fiscal\u00eda General del\nEstado.<\/p>\n\n\n\n<p>A trav\u00e9s\nde un comunicado, la madre de Heriberto Antonio Cruz D\u00edaz expuso que es falsa\nla detenci\u00f3n y tortura contra dos habitantes de Tlahuitoltepec por parte de la\nAgencia Estatal de Investigaci\u00f3n, como lo dieron a conocer las autoridades\nmunicipales y comunales.<\/p>\n\n\n\n<p>Los dos\nhabitantes, Graciano D\u00edaz Gallardo y Mar\u00eda Leonor Basilio, quienes\nsupuestamente fueron v\u00edctimas de la AEI, declararon de forma voluntaria ante la\nFGO sobre los hechos violentos del 7 de noviembre en Tlahuitolptece, donde vio\na Heriberto Cruz y a C\u00e9sar Altamirano Garc\u00eda, tambi\u00e9n desaparecido, precis\u00f3 la\nmujer.<\/p>\n\n\n\n<p>\u201c\u00c9l\n(Graciano) mencionaba saber lo que hab\u00eda pasado con ellos dos, e incluso, con\nla camioneta en la que viajaban. Para que pudiera darnos la informaci\u00f3n, ser\u00eda\nnecesario brindarle un apoyo econ\u00f3mico. <\/p>\n\n\n\n<p>\u201c\u00c9l me\nse\u00f1al\u00f3 que hab\u00eda accedido a dar la informaci\u00f3n, porque fue testigo de los\nhechos, y que no estaba de acuerdo con la forma en que la autoridad municipal\nhab\u00eda actuado con mi hijo Heriberto y con C\u00e9sar Altamirano, y que esperaba que\nse hiciera justicia\u201d, detall\u00f3 la madre de Heriberto.<\/p>\n\n\n\n<p>Los\nfamiliares de las v\u00edctimas se reunieron con los testigos en la capital, donde\nacordaron ir a la Fiscal\u00eda a dar su declaraci\u00f3n, lo cual no hicieron p\u00fablico\npor temor a represalias por parte de las autoridades de Tlahuitoltepec.<\/p>\n\n\n\n<p>\u201cNo puedo\nvivir con la zozobra de saber si alg\u00fan d\u00eda ver\u00e9 de nuevo a mi hijo, si lo podr\u00e9\nabrazar, o si podr\u00e9 despedirlo\u201d, confes\u00f3 la madre, quien lament\u00f3 que el\ngobierno municipal de Santa Mar\u00eda Tlahuitoltepec ofrezca otra informaci\u00f3n.<\/p>\n\n\n\n<p>Hasta el\nmomento no existen avances en las investigaciones por la desaparici\u00f3n de los\ndos hombres, uno de ellos polic\u00eda municipal de Oaxaca de Ju\u00e1rez activo y un ex\npolic\u00eda, a excepci\u00f3n que durante las primeras semanas se especul\u00f3 que pudieron\nser las personas que la comunidad linch\u00f3 en esa misma fecha de su desaparici\u00f3n,\nacusados de asalto y quemar una vivienda.<\/p>\n\n\n\n<p>Ambos\ndesaparecieron de la capital oaxaque\u00f1a el pasado 7 de noviembre y al momento\na\u00fan no se sabe nada de ellos.<\/p>\n\n\n\n<p>C\u00e9sar\nAltamirano Garc\u00eda, elemento de seguridad municipal de 43 a\u00f1os de edad, fue\nvisto por \u00faltima vez la ma\u00f1ana del jueves 7 de noviembre en la agencia de Santa\nMar\u00eda Ixcotel, a bordo de una camioneta Seat tipo Alambra con placas de\ncirculaci\u00f3n TLJ-8069 de Oaxaca.<\/p>\n\n\n\n<p>Heriberto\nAntonio Cruz D\u00edaz, expolic\u00eda de 36 a\u00f1os de edad, viajaba en una motocicleta\nHonda tipo Falcon de color negra, y sus familiares reportaron que desapareci\u00f3\nen la ciudad de Oaxaca ese jueves.<\/p>\n\n\n\n<p>El mismo\nd\u00eda pero en Tlahuitoltepec, se report\u00f3 que sujetos armados ingresaron a un\ndomicilio a las 14:00 horas, donde presuntamente golpearon a una persona que\ntuvo que ser trasladada al hospital para recibir atenci\u00f3n m\u00e9dica.<\/p>\n","protected":false},"excerpt":{"rendered":"<p>Yuridiana Sosa\/Zona Roja. Oaxaca de Ju\u00e1rez, Oax., 13 de marzo de 2020.- A m\u00e1s de&hellip;<\/p>\n","protected":false},"author":2,"featured_media":5870,"comment_status":"closed","ping_status":"open","sticky":false,"template":"","format":"standard","meta":{"_lmt_disableupdate":"","_lmt_disable":"","_jetpack_memberships_contains_paid_content":false,"footnotes":""},"categories":[109,47],"tags":[1521],"class_list":["post-9944","post","type-post","status-publish","format-standard","has-post-thumbnail","hentry","category-minuto-a-minuto","category-zona-gris","tag-desaparecidos-en-tlahuitoltepec-mixe"],"jetpack_featured_media_url":"https:\/\/zonaroja.com.mx\/wp-content\/uploads\/2019\/11\/Desaparecidos-Tlahuitoltepec-2.jpg","jetpack_sharing_enabled":true,"_links":{"self":[{"href":"https:\/\/zonaroja.com.mx\/index.php?rest_route=\/wp\/v2\/posts\/9944","targetHints":{"allow":["GET"]}}],"collection":[{"href":"https:\/\/zonaroja.com.mx\/index.php?rest_route=\/wp\/v2\/posts"}],"about":[{"href":"https:\/\/zonaroja.com.mx\/index.php?rest_route=\/wp\/v2\/types\/post"}],"author":[{"embeddable":true,"href":"https:\/\/zonaroja.com.mx\/index.php?rest_route=\/wp\/v2\/users\/2"}],"replies":[{"embeddable":true,"href":"https:\/\/zonaroja.com.mx\/index.php?rest_route=%2Fwp%2Fv2%2Fcomments&post=9944"}],"version-history":[{"count":1,"href":"https:\/\/zonaroja.com.mx\/index.php?rest_route=\/wp\/v2\/posts\/9944\/revisions"}],"predecessor-version":[{"id":9945,"href":"https:\/\/zonaroja.com.mx\/index.php?rest_route=\/wp\/v2\/posts\/9944\/revisions\/9945"}],"wp:featuredmedia":[{"embeddable":true,"href":"https:\/\/zonaroja.com.mx\/index.php?rest_route=\/wp\/v2\/media\/5870"}],"wp:attachment":[{"href":"https:\/\/zonaroja.com.mx\/index.php?rest_route=%2Fwp%2Fv2%2Fmedia&parent=9944"}],"wp:term":[{"taxonomy":"category","embeddable":true,"href":"https:\/\/zonaroja.com.mx\/index.php?rest_route=%2Fwp%2Fv2%2Fcategories&post=9944"},{"taxonomy":"post_tag","embeddable":true,"href":"https:\/\/zonaroja.com.mx\/index.php?rest_route=%2Fwp%2Fv2%2Ftags&post=9944"}],"curies":[{"name":"wp","href":"https:\/\/api.w.org\/{rel}","templated":true}]}}