{"id":9948,"date":"2020-03-16T16:12:21","date_gmt":"2020-03-16T22:12:21","guid":{"rendered":"https:\/\/www.zonaroja.com.mx\/?p=9948"},"modified":"2020-03-16T16:12:23","modified_gmt":"2020-03-16T22:12:23","slug":"confirma-profeco-compras-de-panico-en-oaxaca-durante-fin-de-semana","status":"publish","type":"post","link":"https:\/\/zonaroja.com.mx\/?p=9948","title":{"rendered":"Confirma Profeco \u201ccompras de p\u00e1nico\u201d en Oaxaca, durante fin de semana"},"content":{"rendered":"\n<p>Evlin Arag\u00f3n\/Zona Roja.&nbsp;<\/p>\n\n\n\n<p>Oaxaca de Ju\u00e1rez, Oax., 16 de marzo de 2020.-&nbsp;La titular en Oaxaca de la Procuradur\u00eda Federal del Consumidor (Profeco), Mar\u00eda de&nbsp;Lourdes&nbsp;Santiago Cruz, confirm\u00f3 que este fin de semana se registr\u00f3 una afluencia mayor de consumidores en los diferentes centros comerciales de la ciudad de Oaxaca, tras anunciarse el posible contagio masivo del Covid-19 por parte de las autoridades federales.<\/p>\n\n\n\n<p>Lo anterior luego de un recorrido que personal del organismo &nbsp;realizara en establecimientos comerciales de la capital oaxaque\u00f1a, zona conurbada y la regi\u00f3n de la Costa, en donde se pudo detectar mayor demanda en papel higi\u00e9nico, productos para desinfectar, servilletas y botes peque\u00f1o de agua.<\/p>\n\n\n\n<p>De acuerdo con la funcionaria, fue evidente un consumo importante en art\u00edculos de primera necesidad y otros m\u00e1s no perecederos que incluso podr\u00edan no ser necesarios.<\/p>\n\n\n\n<p>Sin embargo, la mayor\u00eda de las familias que acudi\u00f3 a los centros comerciales decid tomar sus previsiones ante cualquier escenario que se pueda desarrollar en lo pr\u00f3ximo d\u00edas.<\/p>\n\n\n\n<p>Y aunque reconoci\u00f3 que por el momento no hay denuncia por parte de las y lo consumidores, asegur\u00f3 que las acciones realizadas por la dependencia forman parte de un operativo de monitoreo que han emprendido para observar que no exista incremento de precios injustificados, que estos se encuentren a la vista de las y lo consumidores, as\u00ed mismo que no se condiciones la venta de ning\u00fan tipo de producto.<\/p>\n\n\n\n<p>Santiago Cruz llam\u00f3 a la poblaci\u00f3n a mantener la calma, hacer un consumo razonado y solidario de productos a fin de no desequilibrar el mercado y crear el temido desabasto -por el que incluso en otras partes de la Rep\u00fablica ya hubo conatos de violencia-, mismo que afectar\u00eda particularmente a quienes por razones econ\u00f3micas no pueden realizar compras en grandes cantidades y por el contrario viven al d\u00eda.<\/p>\n\n\n\n<p>\u201cEs importante que las personas hagan un consumo razonado y solidario para evitar el desabasto\u2026Hay productos que no necesitan en grandes cantidades en sus domicilios, mientras que otras persona no tienen la posibilidad de adquirirlo al encontrarse escasos\u201d, sentenci\u00f3.&nbsp;<\/p>\n\n\n\n<p>Finalmente, pidi\u00f3 a la poblaci\u00f3n no entrar en p\u00e1nico y seguir las recomendaciones oficiales de la Secretaria de Salud federal, que este domingo inform\u00f3 que M\u00e9xico cerr\u00f3 la semana con un total de 53 casos confirmados de Covid-19, hasta el momento sin decesos que lamentar. <\/p>\n","protected":false},"excerpt":{"rendered":"<p>Evlin Arag\u00f3n\/Zona Roja.&nbsp; Oaxaca de Ju\u00e1rez, Oax., 16 de marzo de 2020.-&nbsp;La titular en Oaxaca&hellip;<\/p>\n","protected":false},"author":2,"featured_media":9947,"comment_status":"closed","ping_status":"open","sticky":false,"template":"","format":"standard","meta":{"_lmt_disableupdate":"","_lmt_disable":"","_jetpack_memberships_contains_paid_content":false,"footnotes":""},"categories":[109,47],"tags":[],"class_list":["post-9948","post","type-post","status-publish","format-standard","has-post-thumbnail","hentry","category-minuto-a-minuto","category-zona-gris"],"jetpack_featured_media_url":"https:\/\/zonaroja.com.mx\/wp-content\/uploads\/2020\/03\/img_0798.jpg","jetpack_sharing_enabled":true,"_links":{"self":[{"href":"https:\/\/zonaroja.com.mx\/index.php?rest_route=\/wp\/v2\/posts\/9948","targetHints":{"allow":["GET"]}}],"collection":[{"href":"https:\/\/zonaroja.com.mx\/index.php?rest_route=\/wp\/v2\/posts"}],"about":[{"href":"https:\/\/zonaroja.com.mx\/index.php?rest_route=\/wp\/v2\/types\/post"}],"author":[{"embeddable":true,"href":"https:\/\/zonaroja.com.mx\/index.php?rest_route=\/wp\/v2\/users\/2"}],"replies":[{"embeddable":true,"href":"https:\/\/zonaroja.com.mx\/index.php?rest_route=%2Fwp%2Fv2%2Fcomments&post=9948"}],"version-history":[{"count":1,"href":"https:\/\/zonaroja.com.mx\/index.php?rest_route=\/wp\/v2\/posts\/9948\/revisions"}],"predecessor-version":[{"id":9949,"href":"https:\/\/zonaroja.com.mx\/index.php?rest_route=\/wp\/v2\/posts\/9948\/revisions\/9949"}],"wp:featuredmedia":[{"embeddable":true,"href":"https:\/\/zonaroja.com.mx\/index.php?rest_route=\/wp\/v2\/media\/9947"}],"wp:attachment":[{"href":"https:\/\/zonaroja.com.mx\/index.php?rest_route=%2Fwp%2Fv2%2Fmedia&parent=9948"}],"wp:term":[{"taxonomy":"category","embeddable":true,"href":"https:\/\/zonaroja.com.mx\/index.php?rest_route=%2Fwp%2Fv2%2Fcategories&post=9948"},{"taxonomy":"post_tag","embeddable":true,"href":"https:\/\/zonaroja.com.mx\/index.php?rest_route=%2Fwp%2Fv2%2Ftags&post=9948"}],"curies":[{"name":"wp","href":"https:\/\/api.w.org\/{rel}","templated":true}]}}