{"id":9950,"date":"2020-03-16T18:05:10","date_gmt":"2020-03-17T00:05:10","guid":{"rendered":"http:\/\/www.zonaroja.com.mx\/?p=9950"},"modified":"2020-03-16T18:05:12","modified_gmt":"2020-03-17T00:05:12","slug":"pese-a-contingencia-por-coronvirus-anuncian-viacrucis-en-tlalixtac","status":"publish","type":"post","link":"https:\/\/zonaroja.com.mx\/?p=9950","title":{"rendered":"Pese a contingencia por coronvirus, anuncian Viacrucis en Tlalixtac"},"content":{"rendered":"\n<p>Yuridiana\nSosa\/Zona Roja.<\/p>\n\n\n\n<p>Oaxaca de\nJu\u00e1rez, Oax., 16 de marzo de 2020.- Contrario a las recomendaciones de las\nautoridades sanitarias para evitar actos masivos para contener la propagaci\u00f3n\ndel Covid-19, en el municipio de Tlalixtac de Cabrera contin\u00faan preparativos\npara las ceremonias religiosas-tur\u00edsticas de Semana Santa, en la que esperan la\nvisita de 15 mil personas.<\/p>\n\n\n\n<p>El\npresidente municipal, Gaspar V\u00e1zquez Fern\u00e1ndez, indic\u00f3 que a pesar de la\ncontingencia, hasta este lunes no han recibido ning\u00fan oficio de la Secretar\u00eda\nde Salud de Oaxaca para que suspenden dichas actividades, las cuales se\nrealizan desde hace 45 a\u00f1os en la comunidad regida por usos y costumbres.<\/p>\n\n\n\n<p>Detall\u00f3 que las ceremonias en torno a \u201cLa Pasi\u00f3n de Cristo\u201d, desarrollada principalmente con el viacrucis en el Viernes Santo, se encuentran a cargo de los mayordomos de la comunidad, el Comit\u00e9 Parroquial y el sacerdote, por lo que ser\u00e1 decisi\u00f3n de ellos decidir c\u00f3mo llevarlas a cabo o suspenderlas en caso de ser necesario.<\/p>\n\n\n\n<figure class=\"wp-block-embed-twitter wp-block-embed is-type-rich is-provider-twitter\"><div class=\"wp-block-embed__wrapper\">\n<div class=\"twitter-tweet\"><blockquote class=\"twitter-tweet\" data-lang=\"es\"><p lang=\"es\" dir=\"ltr\"><a href=\"https:\/\/twitter.com\/hashtag\/SemanaSantaEnOaxaca?src=hash&amp;ref_src=twsrc%5Etfw\">#SemanaSantaEnOaxaca<\/a><br>(1) Autoridades municipales y organizadores de Tlalixtac de Cabrera, <a href=\"https:\/\/twitter.com\/hashtag\/Oaxaca?src=hash&amp;ref_src=twsrc%5Etfw\">#Oaxaca<\/a>, anunciaron hoy la realizaci\u00f3n de la edici\u00f3n n\u00famero 45 del viacrucis, con representaci\u00f3n real, en dicho municipio de la regi\u00f3n Valles Centrales. <a href=\"https:\/\/t.co\/grbucMG2cK\">pic.twitter.com\/grbucMG2cK<\/a><\/p>&mdash; Zona Roja Oaxaca (@MexRoja) <a href=\"https:\/\/twitter.com\/MexRoja\/status\/1239650717666889730?ref_src=twsrc%5Etfw\">16 de marzo de 2020<\/a><\/blockquote><\/div>\n<\/div><\/figure>\n\n\n\n<p>La\nrepresentaci\u00f3n del viacrucis en Tlalixtac de Cabrera, situado a 11 kil\u00f3metros\nde la capital del estado, se ha convertido en un punto tur\u00edstico religioso en\nSemana Santa en la regi\u00f3n de Valles Centrales, donde cada a\u00f1o la afluencia es\nmayor; en 2019 arribaron al menos unos 14 mil visitantes, nacionales y\nextranjeros.<\/p>\n\n\n\n<p>En\nconferencia de prensa, el edil apunt\u00f3 que si la poblaci\u00f3n externa decide no\nacudir como medida preventiva por el coronavirus, la comunidad s\u00ed desarrollar\u00e1\nla actividad, pues sus creencias y su fe as\u00ed lo establecen.<\/p>\n\n\n\n<p>El viacrucis en Tlalixtac de Cabrera se efect\u00faa a lo largo de dos kil\u00f3metros, con un tiempo aproximado del recorrido de cinco horas. Los representantes de los personajes b\u00edblicos realizan una promesa y un compromiso con la iglesia cat\u00f3lica por un a\u00f1o, como m\u00ednimo.<\/p>\n\n\n\n<figure class=\"wp-block-embed-twitter wp-block-embed is-type-rich is-provider-twitter\"><div class=\"wp-block-embed__wrapper\">\n<div class=\"twitter-tweet\"><blockquote class=\"twitter-tweet\" data-lang=\"es\"><p lang=\"es\" dir=\"ltr\"><a href=\"https:\/\/twitter.com\/hashtag\/SemanaSantaEnOaxaca?src=hash&amp;ref_src=twsrc%5Etfw\">#SemanaSantaEnOaxaca<\/a><br>(2) Respecto a las medidas impuestas ante el <a href=\"https:\/\/twitter.com\/hashtag\/coronavirus?src=hash&amp;ref_src=twsrc%5Etfw\">#coronavirus<\/a>, la autoridad municipal de Tlalixtac de Cabrera, <a href=\"https:\/\/twitter.com\/hashtag\/Oaxaca?src=hash&amp;ref_src=twsrc%5Etfw\">#Oaxaca<\/a>, dijo que no han recibido comunicaci\u00f3n oficial de los <a href=\"https:\/\/twitter.com\/SSO_GobOax?ref_src=twsrc%5Etfw\">@SSO_GobOax<\/a>, para valorar suspender el viacrucis, determinaci\u00f3n, que tomar\u00eda la iglesia. <a href=\"https:\/\/t.co\/l1pTcnhvHg\">pic.twitter.com\/l1pTcnhvHg<\/a><\/p>&mdash; Zona Roja Oaxaca (@MexRoja) <a href=\"https:\/\/twitter.com\/MexRoja\/status\/1239652840139829256?ref_src=twsrc%5Etfw\">16 de marzo de 2020<\/a><\/blockquote><\/div>\n<\/div><\/figure>\n\n\n\n<p>En tanto,\nel ayuntamiento de San Jos\u00e9 Chiltepec, en la regi\u00f3n de la Cuenca del\nPapaloapan, anunci\u00f3 la suspensi\u00f3n de las fiestas patronales en honor a \u201cSan\nJos\u00e9\u201d, que estaba programadas para el 18 y 19 de marzo, como medida de\nprevenci\u00f3n por el Covid-19.<\/p>\n\n\n\n<p>Las\nautoridades indicaron que las actividades art\u00edsticas, artesanales, culturales,\nsociales, entre otras, ser\u00e1n reprogramadas cuando la contingencia de salud lo\npermita.<\/p>\n","protected":false},"excerpt":{"rendered":"<p>Yuridiana Sosa\/Zona Roja. Oaxaca de Ju\u00e1rez, Oax., 16 de marzo de 2020.- Contrario a las&hellip;<\/p>\n","protected":false},"author":2,"featured_media":9951,"comment_status":"closed","ping_status":"open","sticky":false,"template":"","format":"standard","meta":{"_lmt_disableupdate":"","_lmt_disable":"","_jetpack_memberships_contains_paid_content":false,"footnotes":""},"categories":[109,46],"tags":[1522],"class_list":["post-9950","post","type-post","status-publish","format-standard","has-post-thumbnail","hentry","category-minuto-a-minuto","category-zona-blanca","tag-viacrucis-tlalixtac-de-cabrera"],"jetpack_featured_media_url":"https:\/\/zonaroja.com.mx\/wp-content\/uploads\/2020\/03\/IMG_0699.jpg","jetpack_sharing_enabled":true,"_links":{"self":[{"href":"https:\/\/zonaroja.com.mx\/index.php?rest_route=\/wp\/v2\/posts\/9950","targetHints":{"allow":["GET"]}}],"collection":[{"href":"https:\/\/zonaroja.com.mx\/index.php?rest_route=\/wp\/v2\/posts"}],"about":[{"href":"https:\/\/zonaroja.com.mx\/index.php?rest_route=\/wp\/v2\/types\/post"}],"author":[{"embeddable":true,"href":"https:\/\/zonaroja.com.mx\/index.php?rest_route=\/wp\/v2\/users\/2"}],"replies":[{"embeddable":true,"href":"https:\/\/zonaroja.com.mx\/index.php?rest_route=%2Fwp%2Fv2%2Fcomments&post=9950"}],"version-history":[{"count":1,"href":"https:\/\/zonaroja.com.mx\/index.php?rest_route=\/wp\/v2\/posts\/9950\/revisions"}],"predecessor-version":[{"id":9952,"href":"https:\/\/zonaroja.com.mx\/index.php?rest_route=\/wp\/v2\/posts\/9950\/revisions\/9952"}],"wp:featuredmedia":[{"embeddable":true,"href":"https:\/\/zonaroja.com.mx\/index.php?rest_route=\/wp\/v2\/media\/9951"}],"wp:attachment":[{"href":"https:\/\/zonaroja.com.mx\/index.php?rest_route=%2Fwp%2Fv2%2Fmedia&parent=9950"}],"wp:term":[{"taxonomy":"category","embeddable":true,"href":"https:\/\/zonaroja.com.mx\/index.php?rest_route=%2Fwp%2Fv2%2Fcategories&post=9950"},{"taxonomy":"post_tag","embeddable":true,"href":"https:\/\/zonaroja.com.mx\/index.php?rest_route=%2Fwp%2Fv2%2Ftags&post=9950"}],"curies":[{"name":"wp","href":"https:\/\/api.w.org\/{rel}","templated":true}]}}