{"id":9958,"date":"2020-03-16T20:11:32","date_gmt":"2020-03-17T02:11:32","guid":{"rendered":"http:\/\/www.zonaroja.com.mx\/?p=9958"},"modified":"2020-03-16T20:11:37","modified_gmt":"2020-03-17T02:11:37","slug":"clases-en-linea-alternativa-de-universidades-en-oaxaca-ante-covid-19","status":"publish","type":"post","link":"https:\/\/zonaroja.com.mx\/?p=9958","title":{"rendered":"Clases en l\u00ednea, alternativa de Universidades en Oaxaca ante Covid-19"},"content":{"rendered":"\n<p>Yuridiana\nSosa\/Zona Roja.<\/p>\n\n\n\n<p>Oaxaca de\nJu\u00e1rez, Oax., 16 de marzo de 2020.- Universidades p\u00fablicas y privadas de la\nentidad comenzaron la implementaci\u00f3n de medidas alternas para asegurar la salud\nde alumnos y docente, como son clases en l\u00ednea, suspensi\u00f3n de eventos masivos y\nprivilegiando medidas de higiene.<\/p>\n\n\n\n<p>A unas\nhoras de reanudarse las clases tras una huelga de 41 d\u00edas, sta tarde, el rector\nde la Universidad Aut\u00f3noma \u201cBenito Ju\u00e1rez\u201d de Oaxaca, Eduardo Bautista\nMart\u00ednez, se reuni\u00f3 con funcionarios de la administraci\u00f3n central.<\/p>\n\n\n\n<p>Lo\nanterior con la finalidad de pedirles atender la contingencia sanitaria por Covid-19,\n\u201ccon el m\u00e1ximo de responsabilidad y evitar la desinformaci\u00f3n\u201d.<\/p>\n\n\n\n<p>De la\nmisma manera, instal\u00f3 su Comisi\u00f3n T\u00e9cnica de Salud, para dar seguimiento a las\nmedidas dictadas a nivel federal para evitar contagios por el coronavirus.<\/p>\n\n\n\n<p>En tanto,\ntras el anuncio del fin de semana por parte de la Secretar\u00eda de Educaci\u00f3n\nP\u00fablica (SEP) de adelantar el periodo vacacional por Semana Santa a partir del\nlunes 23 de marzo y hasta el 20 de abril, para el nivel b\u00e1sico y media\nsuperior, por la contingencia sanitaria que representa el Codvid-19,&nbsp; las instituciones del nivel superior iniciaron\nplanes alternos para ajustarse a las recomendaciones.<\/p>\n\n\n\n<p>La\nUniversidad Aut\u00f3noma \u201cBenito Ju\u00e1rez\u201d de Oaxaca (UABJO), con una plantilla de\ncerca de 26 mil estudiantes, inform\u00f3 que al menos durante esta semana las\nclases se desarrollar\u00e1n de manera normal.<\/p>\n\n\n\n<p>La m\u00e1xima\ncasa de estudios, que permaneci\u00f3 por m\u00e1s de un mes sin clases por una huelga\nque apenas concluy\u00f3 el pasado 12 de marzo, exhort\u00f3 a los responsables de las\nUnidades Acad\u00e9micas a \u201caprovechar al m\u00e1ximo los tiempos, para avanzar en las\nactividades\u201d.<\/p>\n\n\n\n<p>En su\ncaso, solo advirti\u00f3 a los alumnos mantenerse atentos antes las decisiones que\nse tomen en los pr\u00f3ximos d\u00edas respecto a la forma de continuaci\u00f3n del semestre,\npara no desatender los llamados de las autoridades de salud.<\/p>\n\n\n\n<p>TAMBI\u00c9N\nLAS PARTICULARES<\/p>\n\n\n\n<p>En el\ncaso de las universidades particulares, la mayor\u00eda se\u00f1al\u00f3 como alternativa las\nclases en l\u00ednea a partir de la semana del 23 de marzo.<\/p>\n\n\n\n<p>La\nUniversidad An\u00e1huac anunci\u00f3 la suspensi\u00f3n de las clases presenciales de\nlicenciatura y posgrados a partir del 17 de marzo y hasta el pr\u00f3ximo 20 de\nabril; adem\u00e1s suspendieron eventos masivos de todo tipo, dentro y fuera del\ncampus.<\/p>\n\n\n\n<p>Por su\nparte, la Universidad La Salle, continuar\u00e1 las actividades de forma ordinaria\ndel 17 al 20 de marzo bajo medidas estrictas de higiene, pero inform\u00f3 de la\ncancelaci\u00f3n actividades con m\u00e1s de 50 personas.<\/p>\n\n\n\n<p>A partir\ndel 21 de marzo al 4 de abril, todas sus actividades quedar\u00e1n suspendidas\nacad\u00e9micas, no as\u00ed las administrativas.<\/p>\n\n\n\n<p>En tanto\nque la Universidad \u201cJos\u00e9 Vasconcelos\u201d inform\u00f3 que la semana del 17 al 21 de\nmarzo habr\u00e1 clases con las medidas pertinentes, y se suman al receso anunciado\npor la SEP, del 23 de marzo al 17 de abril.<\/p>\n\n\n\n<p>Mientras\nque la Universidad Madero, Campus Tuxtepec, avis\u00f3 a la comunidad acad\u00e9mica que\na partir del 17 de marzo se suspenden las clases presenciales para migrar a los\nprogramas acad\u00e9micos de la modalidad en l\u00ednea a partir del 23 de marzo y hasta\nconcluir el periodo en curso.<\/p>\n","protected":false},"excerpt":{"rendered":"<p>Yuridiana Sosa\/Zona Roja. Oaxaca de Ju\u00e1rez, Oax., 16 de marzo de 2020.- Universidades p\u00fablicas y&hellip;<\/p>\n","protected":false},"author":2,"featured_media":9959,"comment_status":"closed","ping_status":"open","sticky":false,"template":"","format":"standard","meta":{"_lmt_disableupdate":"","_lmt_disable":"","_jetpack_memberships_contains_paid_content":false,"footnotes":""},"categories":[109,47],"tags":[1512],"class_list":["post-9958","post","type-post","status-publish","format-standard","has-post-thumbnail","hentry","category-minuto-a-minuto","category-zona-gris","tag-coronavirus-oaxaca"],"jetpack_featured_media_url":"https:\/\/zonaroja.com.mx\/wp-content\/uploads\/2020\/03\/Rector-UABJO-2.jpg","jetpack_sharing_enabled":true,"_links":{"self":[{"href":"https:\/\/zonaroja.com.mx\/index.php?rest_route=\/wp\/v2\/posts\/9958","targetHints":{"allow":["GET"]}}],"collection":[{"href":"https:\/\/zonaroja.com.mx\/index.php?rest_route=\/wp\/v2\/posts"}],"about":[{"href":"https:\/\/zonaroja.com.mx\/index.php?rest_route=\/wp\/v2\/types\/post"}],"author":[{"embeddable":true,"href":"https:\/\/zonaroja.com.mx\/index.php?rest_route=\/wp\/v2\/users\/2"}],"replies":[{"embeddable":true,"href":"https:\/\/zonaroja.com.mx\/index.php?rest_route=%2Fwp%2Fv2%2Fcomments&post=9958"}],"version-history":[{"count":1,"href":"https:\/\/zonaroja.com.mx\/index.php?rest_route=\/wp\/v2\/posts\/9958\/revisions"}],"predecessor-version":[{"id":9960,"href":"https:\/\/zonaroja.com.mx\/index.php?rest_route=\/wp\/v2\/posts\/9958\/revisions\/9960"}],"wp:featuredmedia":[{"embeddable":true,"href":"https:\/\/zonaroja.com.mx\/index.php?rest_route=\/wp\/v2\/media\/9959"}],"wp:attachment":[{"href":"https:\/\/zonaroja.com.mx\/index.php?rest_route=%2Fwp%2Fv2%2Fmedia&parent=9958"}],"wp:term":[{"taxonomy":"category","embeddable":true,"href":"https:\/\/zonaroja.com.mx\/index.php?rest_route=%2Fwp%2Fv2%2Fcategories&post=9958"},{"taxonomy":"post_tag","embeddable":true,"href":"https:\/\/zonaroja.com.mx\/index.php?rest_route=%2Fwp%2Fv2%2Ftags&post=9958"}],"curies":[{"name":"wp","href":"https:\/\/api.w.org\/{rel}","templated":true}]}}