{"id":9963,"date":"2020-03-16T21:25:40","date_gmt":"2020-03-17T03:25:40","guid":{"rendered":"http:\/\/www.zonaroja.com.mx\/?p=9963"},"modified":"2020-03-16T21:25:44","modified_gmt":"2020-03-17T03:25:44","slug":"coronavirus-mexico-82-enfermos-ue-cierra-fronteras-venezuela-en-cuarentena","status":"publish","type":"post","link":"https:\/\/zonaroja.com.mx\/?p=9963","title":{"rendered":"Coronavirus: M\u00e9xico, 82 enfermos; UE cierra fronteras; Venezuela en cuarentena"},"content":{"rendered":"\n<p>Redacci\u00f3n\/Zona\nRoja Cdmx.<\/p>\n\n\n\n<p>Ciudad de\nM\u00e9xico, 16 de marzo de 2020.- En 24 horas, M\u00e9xico pas\u00f3 de 53 a 82 casos de\npersonas con coronavirus, inform\u00f3 esta noche la Secretar\u00eda de Salud federal.<\/p>\n\n\n\n<p>De\nacuerdo con su corte diario, el 87 por ciento ha tenido un cuadro leve y se\natienden en forma ambulatoria.<\/p>\n\n\n\n<p>Del\nestudio de 35 individuos que tuvieron contacto con alguno de los afectados y\npresentaron s\u00edntomas, en ocho se confirm\u00f3 la presencia del nuevo virus.<\/p>\n\n\n\n<p>En la conferencia en Palacio Nacional, se indic\u00f3\nque de estos \u00faltimos, dos est\u00e1n en Ciudad de M\u00e9xico, dos en Quer\u00e9taro, uno en el\nEstado de M\u00e9xico, uno en Quintana Roo, uno en Puebla y uno m\u00e1s en Guerrero. <\/p>\n\n\n\n<p>CIERRAN FRONTERAS<\/p>\n\n\n\n<p>Por otra parte, la Uni\u00f3n Europea anunci\u00f3 que cerrar\u00e1\nel \u00abmartes a mediod\u00eda\u00bb sus fronteras con el exterior durante 30 d\u00edas\npara luchar contra la pandemia del coronavirus, anunci\u00f3 el lunes el presidente\nfranc\u00e9s, Emmanuel Macron.<\/p>\n\n\n\n<p>\u00abTodos los viajes entre pa\u00edses no europeos y\nla Uni\u00f3n Europea quedar\u00e1n suspendidos durante 30 d\u00edas\u00bb, declar\u00f3 el\nmandatario franc\u00e9s, que tambi\u00e9n anunci\u00f3 un confinamiento casi total para todos los\nciudadanos franceses, que solo podr\u00e1n salir a la calle por motivos de primera\nnecesidad, instando a las empresas a que impongan el teletrabajo, ante la\npropagaci\u00f3n imparable del Covid-19.<\/p>\n\n\n\n<p>CUARENTENA\nVENEZOLANA<\/p>\n\n\n\n<p>Por su\nparte, el presidente de Venezuela, Nicol\u00e1s Maduro, anunci\u00f3 que el pa\u00eds entrar\u00e1\nen cuarentena total desde el martes por el coronavirus.<\/p>\n\n\n\n<p>El\nmandatario agreg\u00f3 que este lunes los infectados subieron a 33, luego de\ndetectarse 16 nuevos casos.<\/p>\n\n\n\n<p>(Con\ninformaci\u00f3n de \u201cLa Jornada\u201d)<\/p>\n","protected":false},"excerpt":{"rendered":"<p>Redacci\u00f3n\/Zona Roja Cdmx. Ciudad de M\u00e9xico, 16 de marzo de 2020.- En 24 horas, M\u00e9xico&hellip;<\/p>\n","protected":false},"author":2,"featured_media":9965,"comment_status":"closed","ping_status":"open","sticky":false,"template":"","format":"standard","meta":{"_lmt_disableupdate":"","_lmt_disable":"","_jetpack_memberships_contains_paid_content":false,"footnotes":""},"categories":[109,47],"tags":[1510],"class_list":["post-9963","post","type-post","status-publish","format-standard","has-post-thumbnail","hentry","category-minuto-a-minuto","category-zona-gris","tag-coronavirus-pandemia-global"],"jetpack_featured_media_url":"https:\/\/zonaroja.com.mx\/wp-content\/uploads\/2020\/03\/Coronavirus-pandemia.jpg","jetpack_sharing_enabled":true,"_links":{"self":[{"href":"https:\/\/zonaroja.com.mx\/index.php?rest_route=\/wp\/v2\/posts\/9963","targetHints":{"allow":["GET"]}}],"collection":[{"href":"https:\/\/zonaroja.com.mx\/index.php?rest_route=\/wp\/v2\/posts"}],"about":[{"href":"https:\/\/zonaroja.com.mx\/index.php?rest_route=\/wp\/v2\/types\/post"}],"author":[{"embeddable":true,"href":"https:\/\/zonaroja.com.mx\/index.php?rest_route=\/wp\/v2\/users\/2"}],"replies":[{"embeddable":true,"href":"https:\/\/zonaroja.com.mx\/index.php?rest_route=%2Fwp%2Fv2%2Fcomments&post=9963"}],"version-history":[{"count":1,"href":"https:\/\/zonaroja.com.mx\/index.php?rest_route=\/wp\/v2\/posts\/9963\/revisions"}],"predecessor-version":[{"id":9966,"href":"https:\/\/zonaroja.com.mx\/index.php?rest_route=\/wp\/v2\/posts\/9963\/revisions\/9966"}],"wp:featuredmedia":[{"embeddable":true,"href":"https:\/\/zonaroja.com.mx\/index.php?rest_route=\/wp\/v2\/media\/9965"}],"wp:attachment":[{"href":"https:\/\/zonaroja.com.mx\/index.php?rest_route=%2Fwp%2Fv2%2Fmedia&parent=9963"}],"wp:term":[{"taxonomy":"category","embeddable":true,"href":"https:\/\/zonaroja.com.mx\/index.php?rest_route=%2Fwp%2Fv2%2Fcategories&post=9963"},{"taxonomy":"post_tag","embeddable":true,"href":"https:\/\/zonaroja.com.mx\/index.php?rest_route=%2Fwp%2Fv2%2Ftags&post=9963"}],"curies":[{"name":"wp","href":"https:\/\/api.w.org\/{rel}","templated":true}]}}