{"id":9967,"date":"2020-03-16T22:15:03","date_gmt":"2020-03-17T04:15:03","guid":{"rendered":"http:\/\/www.zonaroja.com.mx\/?p=9967"},"modified":"2020-03-16T22:15:06","modified_gmt":"2020-03-17T04:15:06","slug":"comunidad-de-chuxnaban-exige-fuerza-militar-por-agresion-de-pobladores","status":"publish","type":"post","link":"https:\/\/zonaroja.com.mx\/?p=9967","title":{"rendered":"Comunidad de Chuxnab\u00e1n exige fuerza militar por agresi\u00f3n de pobladores"},"content":{"rendered":"\n<p>Yuridiana\nSosa\/Zona Roja.<\/p>\n\n\n\n<p>Oaxaca de\nJu\u00e1rez, Oax., 16 de marzo de 2020.- Autoridades auxiliares de San Juan Bosco\nChuxnab\u00e1n, demandaron seguridad a la Secretar\u00eda General de Gobierno de Oaxaca\n(Segego) ante el ataque armado de pobladores de la cabecera municipal de San\nMiguel Quetzaltepec, ocurrido este lunes.<\/p>\n\n\n\n<p>A trav\u00e9s\nde un documento, la poblaci\u00f3n pidi\u00f3 \u201cla fuerza militar de cualquier batall\u00f3n\u201d,\nluego que este 16 de marzo, por m\u00e1s de una hora, la comunidad fue agredida con\ndisparos de armas de fuego.<\/p>\n\n\n\n<p>Las\nautoridades indicaron que el ataque se registr\u00f3 cerca de las 13:00 horas, lo\ncual caus\u00f3 p\u00e1nico en la comunidad en la que cinco habitantes han perdido la\nvida en distintos ataques.<\/p>\n\n\n\n<p>Recalcaron\na trav\u00e9s de un oficio que la agencia se encuentra en constante peligro, adem\u00e1s\nque les preocupa la realizaci\u00f3n de la fiesta patronal, que se prev\u00e9 del 18 al\n22 de marzo, por lo que solicitan la fuerza militar.<\/p>\n\n\n\n<p>Recientemente,\nSan Juan Bosco Chuxnab\u00e1n demand\u00f3 la intervenci\u00f3n de la Oficina del Alto\nComisionado de las Naciones Unidas para los Derechos Humanos en M\u00e9xico, pues la\nFiscal\u00eda General de Oaxaca no registra investigaciones sobre los distintos\nhechos violentos en su contra.<\/p>\n\n\n\n<p>Por la\ndefensa de sus tierras, en la comunidad se han registrado homicidios contra\nhombres y mujeres, entre los a\u00f1os de 2018-2020.<\/p>\n\n\n\n<p>El convenio\ndenominando \u201cPaz, no agresi\u00f3n, distensi\u00f3n y libre tr\u00e1nsito\u201d, entre ambas\npoblaciones, se firm\u00f3 el pasado 8 de febrero de 2019 y a poco m\u00e1s de un a\u00f1o,\nlos comuneros de San Juan Bosco se\u00f1alaron que la violencia agrav\u00f3 con el\nasesinato de dos personas.<\/p>\n","protected":false},"excerpt":{"rendered":"<p>Yuridiana Sosa\/Zona Roja. Oaxaca de Ju\u00e1rez, Oax., 16 de marzo de 2020.- Autoridades auxiliares de&hellip;<\/p>\n","protected":false},"author":2,"featured_media":9968,"comment_status":"closed","ping_status":"open","sticky":false,"template":"","format":"standard","meta":{"_lmt_disableupdate":"","_lmt_disable":"","_jetpack_memberships_contains_paid_content":false,"footnotes":""},"categories":[109,47],"tags":[773],"class_list":["post-9967","post","type-post","status-publish","format-standard","has-post-thumbnail","hentry","category-minuto-a-minuto","category-zona-gris","tag-san-juan-bosco-chuxnaban"],"jetpack_featured_media_url":"https:\/\/zonaroja.com.mx\/wp-content\/uploads\/2020\/03\/Oficio-Chuxnab\u00e1n.jpg","jetpack_sharing_enabled":true,"_links":{"self":[{"href":"https:\/\/zonaroja.com.mx\/index.php?rest_route=\/wp\/v2\/posts\/9967","targetHints":{"allow":["GET"]}}],"collection":[{"href":"https:\/\/zonaroja.com.mx\/index.php?rest_route=\/wp\/v2\/posts"}],"about":[{"href":"https:\/\/zonaroja.com.mx\/index.php?rest_route=\/wp\/v2\/types\/post"}],"author":[{"embeddable":true,"href":"https:\/\/zonaroja.com.mx\/index.php?rest_route=\/wp\/v2\/users\/2"}],"replies":[{"embeddable":true,"href":"https:\/\/zonaroja.com.mx\/index.php?rest_route=%2Fwp%2Fv2%2Fcomments&post=9967"}],"version-history":[{"count":1,"href":"https:\/\/zonaroja.com.mx\/index.php?rest_route=\/wp\/v2\/posts\/9967\/revisions"}],"predecessor-version":[{"id":9969,"href":"https:\/\/zonaroja.com.mx\/index.php?rest_route=\/wp\/v2\/posts\/9967\/revisions\/9969"}],"wp:featuredmedia":[{"embeddable":true,"href":"https:\/\/zonaroja.com.mx\/index.php?rest_route=\/wp\/v2\/media\/9968"}],"wp:attachment":[{"href":"https:\/\/zonaroja.com.mx\/index.php?rest_route=%2Fwp%2Fv2%2Fmedia&parent=9967"}],"wp:term":[{"taxonomy":"category","embeddable":true,"href":"https:\/\/zonaroja.com.mx\/index.php?rest_route=%2Fwp%2Fv2%2Fcategories&post=9967"},{"taxonomy":"post_tag","embeddable":true,"href":"https:\/\/zonaroja.com.mx\/index.php?rest_route=%2Fwp%2Fv2%2Ftags&post=9967"}],"curies":[{"name":"wp","href":"https:\/\/api.w.org\/{rel}","templated":true}]}}