{"id":9970,"date":"2020-03-16T22:44:23","date_gmt":"2020-03-17T04:44:23","guid":{"rendered":"http:\/\/www.zonaroja.com.mx\/?p=9970"},"modified":"2020-03-16T22:45:40","modified_gmt":"2020-03-17T04:45:40","slug":"lunes-rojo-tres-asesinados-a-balazos-y-un-encajuelado-en-la-capital","status":"publish","type":"post","link":"https:\/\/zonaroja.com.mx\/?p=9970","title":{"rendered":"Lunes rojo: tres asesinados a balazos y un encajuelado en la capital"},"content":{"rendered":"\n<p>Ismael\nGarc\u00eda M.\/Zona Roja.<\/p>\n\n\n\n<p>Oaxaca de\nJu\u00e1rez, Oax., 16 de marzo de 2020.- tres hombres asesinados a balazos en la Mixteca\ny la Costa, uno en intento de asalto, as\u00ed como un encajuelado hallado en un\ntaxi en la ciudad de Oaxaca, es el saldo preliminar de los hechos violentos\nsucedidos este lunes en la entidad. Adem\u00e1s, anoche mataron a un mototaxista en\nJuchit\u00e1n de Zaragoza.<\/p>\n\n\n\n<p>Esta\nnoche, a un costado de la carretera Internacional Oaxaca-M\u00e9xico, en\ninmediaciones de la colonia La Joya, Pueblo Nuevo, agencia municipal de la\ncapital, fuerzas de la Secretar\u00eda de Seguridad P\u00fablica interceptaron un taxi\ncolectivo de Reyes, Etla, con n\u00famero econ\u00f3mico 02-743.<\/p>\n\n\n\n<p>Tras\nrevisar la unidad afiliada a la Confederaci\u00f3n Aut\u00f3noma de Trabajadores y Empleados\nde M\u00e9xico (CATEM), se hallaron cinco pasajeros, entre ellos una mujer, y en la\ncajuela un individuo, presuntamente secuestrado; la v\u00edctima, que a\u00fan no ha sido\nidentificada, fue rescatada y los presuntos plagiarios, puestos a disposici\u00f3n\nde la autoridad municipal.<\/p>\n\n\n\n<p>MIXTECA SANGRIENTA<\/p>\n\n\n\n<p>Mientras\ntanto, la ma\u00f1ana de hoy dos transportistas que proced\u00edan del estado de Puebla\nfueron atacados a balazos en la carretera Huajuapan-Tehuac\u00e1n, a la altura de\nSantiago Chazumba.<\/p>\n\n\n\n<p>Una de\nlas v\u00edctimas recibi\u00f3 un balazo en la cabeza, Filiberto O.I., de 60 a\u00f1os de\nedad, quien fue trasladado a un hospital de Huajuapan, donde perdi\u00f3 la vida m\u00e1s\ntarde.<\/p>\n\n\n\n<p>La otra\nv\u00edctima fue trasladada a una cl\u00ednica de Chazumba; ambos laboraban para la\nempresa \u201cNadro\u201d y presuntamente fueron agredidos a balazos al intentar\nasaltarlos.<\/p>\n\n\n\n<p>Tambi\u00e9n\nen la regi\u00f3n Mixteca, un hombre fue asesinado a balazos en la comunidad de San\nPedro Atoyac, agencia del municipio de Mariscala de Ju\u00e1rez; el hoy occiso\nrespond\u00eda al nombre de Jacinto G. C., y presuntamente fue agredido por su\nhijastro, quien se dio a la fuga.<\/p>\n\n\n\n<p>COSTA\nIGUAL<\/p>\n\n\n\n<p>En San\nPedro Mixtepec, municipio de la regi\u00f3n Costa, fue ultimado a balazos F\u00e9lix M.,\ncuando se hallaba en el interior de una tienda local.<\/p>\n\n\n\n<p>Seg\u00fan testigos,\nfue un grupo armado que ingres\u00f3 a la tienda de abarrotes \u201cTres Hermanos\u201d, para\nejecutar al individuo.<\/p>\n\n\n\n<p>ISTMO\nLETAL<\/p>\n\n\n\n<p>A su vez\nanoche, en Juchit\u00e1n de Zaragoza, individuos armados dieron muerte a un\nmototaxista que llegaba a su domicilio; fue identificado como Jon\u00e1s, quien tuvo\nsu domicilio en la colonia San Isidro de la S\u00e9ptima Secci\u00f3n.<\/p>\n\n\n\n<p>En el \u00e1rea\nse hallaron casquillos percutidos calibre nueve mil\u00edmetros y de arma AR-15,\nconocido como \u201cCuerno de chivo\u201d.<\/p>\n","protected":false},"excerpt":{"rendered":"<p>Ismael Garc\u00eda M.\/Zona Roja. Oaxaca de Ju\u00e1rez, Oax., 16 de marzo de 2020.- tres hombres&hellip;<\/p>\n","protected":false},"author":2,"featured_media":9971,"comment_status":"closed","ping_status":"open","sticky":false,"template":"","format":"standard","meta":{"_lmt_disableupdate":"","_lmt_disable":"","_jetpack_memberships_contains_paid_content":false,"footnotes":""},"categories":[109,51],"tags":[1523],"class_list":["post-9970","post","type-post","status-publish","format-standard","has-post-thumbnail","hentry","category-minuto-a-minuto","category-zona-roja","tag-encajuelado-taxi-ciudad-de-oaxaca"],"jetpack_featured_media_url":"https:\/\/zonaroja.com.mx\/wp-content\/uploads\/2020\/03\/Encajuelado-ciudad-de-Oaxaca.png","jetpack_sharing_enabled":true,"_links":{"self":[{"href":"https:\/\/zonaroja.com.mx\/index.php?rest_route=\/wp\/v2\/posts\/9970","targetHints":{"allow":["GET"]}}],"collection":[{"href":"https:\/\/zonaroja.com.mx\/index.php?rest_route=\/wp\/v2\/posts"}],"about":[{"href":"https:\/\/zonaroja.com.mx\/index.php?rest_route=\/wp\/v2\/types\/post"}],"author":[{"embeddable":true,"href":"https:\/\/zonaroja.com.mx\/index.php?rest_route=\/wp\/v2\/users\/2"}],"replies":[{"embeddable":true,"href":"https:\/\/zonaroja.com.mx\/index.php?rest_route=%2Fwp%2Fv2%2Fcomments&post=9970"}],"version-history":[{"count":1,"href":"https:\/\/zonaroja.com.mx\/index.php?rest_route=\/wp\/v2\/posts\/9970\/revisions"}],"predecessor-version":[{"id":9972,"href":"https:\/\/zonaroja.com.mx\/index.php?rest_route=\/wp\/v2\/posts\/9970\/revisions\/9972"}],"wp:featuredmedia":[{"embeddable":true,"href":"https:\/\/zonaroja.com.mx\/index.php?rest_route=\/wp\/v2\/media\/9971"}],"wp:attachment":[{"href":"https:\/\/zonaroja.com.mx\/index.php?rest_route=%2Fwp%2Fv2%2Fmedia&parent=9970"}],"wp:term":[{"taxonomy":"category","embeddable":true,"href":"https:\/\/zonaroja.com.mx\/index.php?rest_route=%2Fwp%2Fv2%2Fcategories&post=9970"},{"taxonomy":"post_tag","embeddable":true,"href":"https:\/\/zonaroja.com.mx\/index.php?rest_route=%2Fwp%2Fv2%2Ftags&post=9970"}],"curies":[{"name":"wp","href":"https:\/\/api.w.org\/{rel}","templated":true}]}}