{"id":9980,"date":"2020-03-17T09:33:09","date_gmt":"2020-03-17T15:33:09","guid":{"rendered":"http:\/\/www.zonaroja.com.mx\/?p=9980"},"modified":"2020-03-17T09:33:11","modified_gmt":"2020-03-17T15:33:11","slug":"temor-en-la-cienega-por-caso-de-coronavirus-hay-siete-casos-sospechosos-sso","status":"publish","type":"post","link":"https:\/\/zonaroja.com.mx\/?p=9980","title":{"rendered":"Temor en La Ci\u00e9nega por caso de Coronavirus; hay siete casos sospechosos: SSO"},"content":{"rendered":"\n<p>Evlin\nArag\u00f3n\/Zona Roja.<\/p>\n\n\n\n<p>Oaxaca de\nJu\u00e1rez, Oax., 17 de marzo de 2020.- Los Servicios de Salud de Oaxaca (SSO)\ntienen registrados al menos siete casos sospechosos de coronavirus, confirm\u00f3 hoy\nel titular de la dependencia, Donato Casas Escamilla, en un noticiario\nradiof\u00f3nico. <\/p>\n\n\n\n<p>Uno de\nlos casos ser\u00eda en La Ci\u00e9nega, municipio del distrito de Zimatl\u00e1n, donde la\nautoridad encabezada por Concepci\u00f3n Libia Hern\u00e1ndez Castillo, solicit\u00f3 a las\ndiferentes instituciones educativas ubicadas en la localidad, la suspensi\u00f3n de\nclases debido al registro de un caso de Covid-19.<\/p>\n\n\n\n<p>Mediante\nun oficio dirigido a los directivos de los planteles, se pone de manifiesto que\nal interior de la localidad se tiene confirmado un caso de infecci\u00f3n del virus,\npor lo que es fundamental que como medida de prevenci\u00f3n se suspendan labores en\nlos centros educativos hasta nuevo aviso.<\/p>\n\n\n\n<p>\u201cPor\nmedio del presente nos dirigimos a usted respetuosamente para informarle, que\nen la poblaci\u00f3n de Ci\u00e9nega, Zimatl\u00e1n, se tiene confirmado un caso de infecci\u00f3n\npor el nuevo SARS-COV2-19, por lo que solicitamos la suspensi\u00f3n de actividades\nescolares\u201d, refiere el documento.<\/p>\n\n\n\n<p>Con\nfirmas tambi\u00e9n de Esteban S\u00e1nchez Ojeda y Jos\u00e9 Luis G\u00f3mez Coronado, s\u00edndico\nmunicipal y regidor de Educaci\u00f3n, respectivamente, el oficio pone de manifiesto\nque la suspensi\u00f3n de labores ser\u00eda a partir del lunes 16 de marzo y hasta nuevo\naviso, como medida preventiva para evitar la transmisi\u00f3n comunitaria.<\/p>\n\n\n\n<p>El\nmunicipio de La Ci\u00e9nega se adelant\u00f3 a las disposiciones de la Secretar\u00eda de\nEducaci\u00f3n P\u00fablica (SEP), que anunci\u00f3 la suspensi\u00f3n de clases a partir del 20 de\nmarzo, sin embargo en otros estados de la Rep\u00fablica lo han hecho a partir de\neste martes 17 para evitar un contagio masivo como se preve en los pr\u00f3ximos\nd\u00edas en nuestro pa\u00eds.<\/p>\n\n\n\n<p>De\nacuerdo con la secretaria de Salud son dos casos los confirmados de Covid-19 en\nla entidad oaxaque\u00f1a, un hombre de 62 a\u00f1os y una mujer de 30 quienes dieron\npositivo a las pruebas realizadas.<\/p>\n\n\n\n<p>As\u00ed mismo\neste lunes las autoridades estatales anunciaron que se habilit\u00f3 el hospital de\nla Mujer y el Ni\u00f1o Oaxaque\u00f1o que ser\u00e1 dedicado exclusivamente a la atenci\u00f3n de\npacientes con dicho padecimiento, que a nivel mundial ha dejado a seis mil 513\nmuertos.<\/p>\n","protected":false},"excerpt":{"rendered":"<p>Evlin Arag\u00f3n\/Zona Roja. Oaxaca de Ju\u00e1rez, Oax., 17 de marzo de 2020.- Los Servicios de&hellip;<\/p>\n","protected":false},"author":2,"featured_media":9981,"comment_status":"closed","ping_status":"open","sticky":false,"template":"","format":"standard","meta":{"_lmt_disableupdate":"","_lmt_disable":"","_jetpack_memberships_contains_paid_content":false,"footnotes":""},"categories":[109,47],"tags":[1512],"class_list":["post-9980","post","type-post","status-publish","format-standard","has-post-thumbnail","hentry","category-minuto-a-minuto","category-zona-gris","tag-coronavirus-oaxaca"],"jetpack_featured_media_url":"https:\/\/zonaroja.com.mx\/wp-content\/uploads\/2020\/03\/La-Ci\u00e9nega.jpg","jetpack_sharing_enabled":true,"_links":{"self":[{"href":"https:\/\/zonaroja.com.mx\/index.php?rest_route=\/wp\/v2\/posts\/9980","targetHints":{"allow":["GET"]}}],"collection":[{"href":"https:\/\/zonaroja.com.mx\/index.php?rest_route=\/wp\/v2\/posts"}],"about":[{"href":"https:\/\/zonaroja.com.mx\/index.php?rest_route=\/wp\/v2\/types\/post"}],"author":[{"embeddable":true,"href":"https:\/\/zonaroja.com.mx\/index.php?rest_route=\/wp\/v2\/users\/2"}],"replies":[{"embeddable":true,"href":"https:\/\/zonaroja.com.mx\/index.php?rest_route=%2Fwp%2Fv2%2Fcomments&post=9980"}],"version-history":[{"count":1,"href":"https:\/\/zonaroja.com.mx\/index.php?rest_route=\/wp\/v2\/posts\/9980\/revisions"}],"predecessor-version":[{"id":9982,"href":"https:\/\/zonaroja.com.mx\/index.php?rest_route=\/wp\/v2\/posts\/9980\/revisions\/9982"}],"wp:featuredmedia":[{"embeddable":true,"href":"https:\/\/zonaroja.com.mx\/index.php?rest_route=\/wp\/v2\/media\/9981"}],"wp:attachment":[{"href":"https:\/\/zonaroja.com.mx\/index.php?rest_route=%2Fwp%2Fv2%2Fmedia&parent=9980"}],"wp:term":[{"taxonomy":"category","embeddable":true,"href":"https:\/\/zonaroja.com.mx\/index.php?rest_route=%2Fwp%2Fv2%2Fcategories&post=9980"},{"taxonomy":"post_tag","embeddable":true,"href":"https:\/\/zonaroja.com.mx\/index.php?rest_route=%2Fwp%2Fv2%2Ftags&post=9980"}],"curies":[{"name":"wp","href":"https:\/\/api.w.org\/{rel}","templated":true}]}}