{"id":9983,"date":"2020-03-17T09:36:38","date_gmt":"2020-03-17T15:36:38","guid":{"rendered":"http:\/\/www.zonaroja.com.mx\/?p=9983"},"modified":"2020-03-17T09:36:41","modified_gmt":"2020-03-17T15:36:41","slug":"matan-a-tres-mujeres-en-una-semana-en-oaxaca-van-410-en-sexenio-de-murat","status":"publish","type":"post","link":"https:\/\/zonaroja.com.mx\/?p=9983","title":{"rendered":"Matan a tres mujeres en una semana en Oaxaca; van 410 en sexenio de Murat"},"content":{"rendered":"\n<p>Evlin\nArag\u00f3n\/Zona Roja.<\/p>\n\n\n\n<p>Oaxaca de\nJu\u00e1rez, Oax., 17 de marzo de 2020.- La cifra de feminicidios en Oaxaca subi\u00f3 a\n410 casos registrados en lo que va del a\u00f1o, ello de acuerdo con el seguimiento\nhemerogr\u00e1fico del Centro de Documentaci\u00f3n del Grupo de Estudios sobre la Mujer\n\u201cRosario Castellanos\u201d.<\/p>\n\n\n\n<p>Lo anterior\nsin contar el \u00faltimo caso que se registr\u00f3 la noche de este domingo&nbsp; en la comunidad de El Ajal, perteneciente al\nBarrio de la Soledad, municipio de la regi\u00f3n del Istmo, donde una mujer fue\nasesinada a balazos.<\/p>\n\n\n\n<p>Con corte\nhasta el 12 de marzo, son 27 feminicidios en lo que va del a\u00f1o y 195 desde que\nse decret\u00f3 la Alerta de Violencia de G\u00e9nero en 40 municipios de la entidad,\nmisma que no ha podido contener los ataques en contra de las mujeres y por el\ncontrario se ha manifestado un aumento considerable conforme pasa el tiempo.<\/p>\n\n\n\n<p>La regi\u00f3n\ndel Istmo no ha dejado el primer lugar en incidencia siendo la m\u00e1s violenta\npara las mujeres en este 2020, seguida de la Cuenca del Papaloapan, Costa y\nValles Centrales con un deshonroso empate al contar con cinco casos cada una en\nmenos de tres meses.<\/p>\n\n\n\n<p>El rango\nde edad de 30 a 44 a\u00f1os se ha convertido en el m\u00e1s vulnerable al registrar la\nmayor\u00eda de casos, seguido de mujeres menores de edad y mayores de 60 a\u00f1os,\nevidenciando que la ni\u00f1ez o vejez no salva a las mujeres de ser v\u00edctimas de\nfeminicidios.<\/p>\n\n\n\n<p>Nueve\nmujeres han sido asesinadas al interior de sus viviendas, cinco m\u00e1s en la v\u00eda\np\u00fablica y el resto en comercios y al interior de un veh\u00edculo, en el resto de\nlos casos sus cuerpos han sido localizados en un lote bald\u00edo, barranco o camino\nde terracer\u00eda.<\/p>\n\n\n\n<p>El\nimpacto de bala sigue siendo la principal causa de muerte de las mujeres, de\nah\u00ed que diversas organizaciones, incluido el Observatorio Ciudadano Nacional de\nFeminicidios, este haciendo evidente esta situaci\u00f3n con la finalidad de que las\nautoridades tomen en cuanto el uso y permisividad de las armas en territorio\noaxaque\u00f1o.<\/p>\n\n\n\n<p>Apenas\neste domingo una mujer fue asesinada de varios balazos en el pecho, en la\ncomunidad de El Ajal, perteneciente al Barrio de la Soledad, municipio de la\nregi\u00f3n del Istmo de Oaxaca.<\/p>\n\n\n\n<p>De\nacuerdo con los primeros informes, el cuerpo fue hallado en un camino de\nterracer\u00eda, cerca de la carretera Trans\u00edstmica que comunica a la zona istme\u00f1a\ncon la regi\u00f3n de la Cuenca y el estado de Veracruz.<\/p>\n\n\n\n<p>La\nv\u00edctima fue identificada de manera preliminar como Alicia G. S., quien\npresuntamente conduc\u00eda una unidad de motor al momento de ser asesinada.<\/p>\n\n\n\n<p>Mientras\nque el 11 de marzo fue asesinada una mujer de 46 a\u00f1os de edad y su hijo de 26\nmientras caminaban en la calle Porfirio D\u00edaz ubicada en la parte posterior del\npalacio municipal de Santa Mar\u00eda Zacatepec, perteneciente al distrito de Putla\nde Guerrero. <\/p>\n\n\n\n<p>De\nacuerdo con los primeros reportes policiacos, sujetos que se desplazaban en una\nmotocicleta ultimaron a las dos personas para posteriormente huir sin que las\nautoridades pudieran localizarlos.<\/p>\n\n\n\n<p>As\u00ed mismo\na inicios de mes una empresaria del ramo de alquiler de muebles, fue ultimada a\nbalazos en la colonia Volcanes de la ciudad de Oaxaca; mientras que Mar\u00eda Elena\nB. R., de 73 a\u00f1os de edad fue asesinada con m\u00faltiples heridas en el cuerpo,\npresuntamente causadas por arma blanca, adem\u00e1s de cercenada una mano;\npresentaba tambi\u00e9n huellas de violencia sexual.<\/p>\n","protected":false},"excerpt":{"rendered":"<p>Evlin Arag\u00f3n\/Zona Roja. Oaxaca de Ju\u00e1rez, Oax., 17 de marzo de 2020.- La cifra de&hellip;<\/p>\n","protected":false},"author":2,"featured_media":3251,"comment_status":"closed","ping_status":"open","sticky":false,"template":"","format":"standard","meta":{"_lmt_disableupdate":"","_lmt_disable":"","_jetpack_memberships_contains_paid_content":false,"footnotes":""},"categories":[109,51],"tags":[610],"class_list":["post-9983","post","type-post","status-publish","format-standard","has-post-thumbnail","hentry","category-minuto-a-minuto","category-zona-roja","tag-feminicidios-oaxaca"],"jetpack_featured_media_url":"https:\/\/zonaroja.com.mx\/wp-content\/uploads\/2019\/08\/Femincidio-5.png","jetpack_sharing_enabled":true,"_links":{"self":[{"href":"https:\/\/zonaroja.com.mx\/index.php?rest_route=\/wp\/v2\/posts\/9983","targetHints":{"allow":["GET"]}}],"collection":[{"href":"https:\/\/zonaroja.com.mx\/index.php?rest_route=\/wp\/v2\/posts"}],"about":[{"href":"https:\/\/zonaroja.com.mx\/index.php?rest_route=\/wp\/v2\/types\/post"}],"author":[{"embeddable":true,"href":"https:\/\/zonaroja.com.mx\/index.php?rest_route=\/wp\/v2\/users\/2"}],"replies":[{"embeddable":true,"href":"https:\/\/zonaroja.com.mx\/index.php?rest_route=%2Fwp%2Fv2%2Fcomments&post=9983"}],"version-history":[{"count":1,"href":"https:\/\/zonaroja.com.mx\/index.php?rest_route=\/wp\/v2\/posts\/9983\/revisions"}],"predecessor-version":[{"id":9984,"href":"https:\/\/zonaroja.com.mx\/index.php?rest_route=\/wp\/v2\/posts\/9983\/revisions\/9984"}],"wp:featuredmedia":[{"embeddable":true,"href":"https:\/\/zonaroja.com.mx\/index.php?rest_route=\/wp\/v2\/media\/3251"}],"wp:attachment":[{"href":"https:\/\/zonaroja.com.mx\/index.php?rest_route=%2Fwp%2Fv2%2Fmedia&parent=9983"}],"wp:term":[{"taxonomy":"category","embeddable":true,"href":"https:\/\/zonaroja.com.mx\/index.php?rest_route=%2Fwp%2Fv2%2Fcategories&post=9983"},{"taxonomy":"post_tag","embeddable":true,"href":"https:\/\/zonaroja.com.mx\/index.php?rest_route=%2Fwp%2Fv2%2Ftags&post=9983"}],"curies":[{"name":"wp","href":"https:\/\/api.w.org\/{rel}","templated":true}]}}