{"id":9988,"date":"2020-03-17T16:19:47","date_gmt":"2020-03-17T22:19:47","guid":{"rendered":"http:\/\/www.zonaroja.com.mx\/?p=9988"},"modified":"2020-03-17T16:19:49","modified_gmt":"2020-03-17T22:19:49","slug":"acuerdan-suspension-parcial-de-labores-en-la-camara-de-diputados-de-oaxaca","status":"publish","type":"post","link":"https:\/\/zonaroja.com.mx\/?p=9988","title":{"rendered":"Acuerdan suspensi\u00f3n parcial de labores en la C\u00e1mara de Diputados de Oaxaca"},"content":{"rendered":"\n<p>Redacci\u00f3n\/Zona\nRoja.<\/p>\n\n\n\n<p>Oaxaca de\nJu\u00e1rez, Oax., a 17 de marzo de 2020.- A fin de contribuir a resguarda la salud\nde la poblaci\u00f3n en situaci\u00f3n de vulnerabilidad y ante la pandemia de\ncoronavirus, la C\u00e1mara de Diputados determin\u00f3 la suspensi\u00f3n parcial de labores.<\/p>\n\n\n\n<p>De\nacuerdo con un comunicado, se decidi\u00f3 que las personas mayores de 60 a\u00f1os, con\nantecedentes de enfermedades cr\u00f3nico-degenerativas, as\u00ed como mujeres\nembarazadas, no se presenten a laborar a las instalaciones del Poder\nLegislativo, en tanto se supera la emergencia, de acuerdo con autoridades de\nsalud.<\/p>\n\n\n\n<p>Expuso\nque por instrucciones de la Junta de Coordinaci\u00f3n Pol\u00edtica, la Secretar\u00eda de\nServicios Administrativos, a trav\u00e9s la Direcci\u00f3n de Recursos Humanos, comunic\u00f3\na las diferentes \u00e1reas esta medida con el fin de preservar la salud en\nbeneficio de trabajadoras y trabajadores, as\u00ed como de sus familiares.<\/p>\n\n\n\n<p>La\ninstrucci\u00f3n considera que la medida sanitaria ser\u00e1 adaptada por los encargados\nde cada \u00e1rea de trabajo del Congreso, para que el personal que no acuda a\nlaborar a sus instalaciones, pueda cumplir sus actividades desde el hogar o a\ntrav\u00e9s de medios electr\u00f3nicos, en su caso.<\/p>\n\n\n\n<p>Dicha\nmedida se mantendr\u00e1 hasta que las autoridades sanitarias determinen alguna\nnueva indicaci\u00f3n, se\u00f1al\u00f3.<\/p>\n","protected":false},"excerpt":{"rendered":"<p>Redacci\u00f3n\/Zona Roja. Oaxaca de Ju\u00e1rez, Oax., a 17 de marzo de 2020.- A fin de&hellip;<\/p>\n","protected":false},"author":2,"featured_media":9989,"comment_status":"closed","ping_status":"open","sticky":false,"template":"","format":"standard","meta":{"_lmt_disableupdate":"","_lmt_disable":"","_jetpack_memberships_contains_paid_content":false,"footnotes":""},"categories":[109,47],"tags":[213],"class_list":["post-9988","post","type-post","status-publish","format-standard","has-post-thumbnail","hentry","category-minuto-a-minuto","category-zona-gris","tag-64-legislatura-de-oaxaca"],"jetpack_featured_media_url":"https:\/\/zonaroja.com.mx\/wp-content\/uploads\/2020\/03\/DSC_6002.jpg","jetpack_sharing_enabled":true,"_links":{"self":[{"href":"https:\/\/zonaroja.com.mx\/index.php?rest_route=\/wp\/v2\/posts\/9988","targetHints":{"allow":["GET"]}}],"collection":[{"href":"https:\/\/zonaroja.com.mx\/index.php?rest_route=\/wp\/v2\/posts"}],"about":[{"href":"https:\/\/zonaroja.com.mx\/index.php?rest_route=\/wp\/v2\/types\/post"}],"author":[{"embeddable":true,"href":"https:\/\/zonaroja.com.mx\/index.php?rest_route=\/wp\/v2\/users\/2"}],"replies":[{"embeddable":true,"href":"https:\/\/zonaroja.com.mx\/index.php?rest_route=%2Fwp%2Fv2%2Fcomments&post=9988"}],"version-history":[{"count":1,"href":"https:\/\/zonaroja.com.mx\/index.php?rest_route=\/wp\/v2\/posts\/9988\/revisions"}],"predecessor-version":[{"id":9990,"href":"https:\/\/zonaroja.com.mx\/index.php?rest_route=\/wp\/v2\/posts\/9988\/revisions\/9990"}],"wp:featuredmedia":[{"embeddable":true,"href":"https:\/\/zonaroja.com.mx\/index.php?rest_route=\/wp\/v2\/media\/9989"}],"wp:attachment":[{"href":"https:\/\/zonaroja.com.mx\/index.php?rest_route=%2Fwp%2Fv2%2Fmedia&parent=9988"}],"wp:term":[{"taxonomy":"category","embeddable":true,"href":"https:\/\/zonaroja.com.mx\/index.php?rest_route=%2Fwp%2Fv2%2Fcategories&post=9988"},{"taxonomy":"post_tag","embeddable":true,"href":"https:\/\/zonaroja.com.mx\/index.php?rest_route=%2Fwp%2Fv2%2Ftags&post=9988"}],"curies":[{"name":"wp","href":"https:\/\/api.w.org\/{rel}","templated":true}]}}