{"id":9991,"date":"2020-03-17T17:43:34","date_gmt":"2020-03-17T23:43:34","guid":{"rendered":"http:\/\/www.zonaroja.com.mx\/?p=9991"},"modified":"2020-03-17T17:43:37","modified_gmt":"2020-03-17T23:43:37","slug":"se-alzan-sindicalizados-contra-su-dirigencia-por-contubernio-con-administracion","status":"publish","type":"post","link":"https:\/\/zonaroja.com.mx\/?p=9991","title":{"rendered":"Se alzan sindicalizados contra su dirigencia por contubernio con Administraci\u00f3n"},"content":{"rendered":"\n<p>Evlin\nArag\u00f3n\/Zona Roja.<\/p>\n\n\n\n<p>Oaxaca de\nJu\u00e1rez, Oax., 17 de marzo de 2020.- Personal de base afiliado al Sindicato de\nTrabajadores al Servicio de los Poderes e Instituciones Descentralizadas de\nCar\u00e1cter Estatal (STSPEIDCEO) iniciaron hoy una jornada de protestas en contra\nde su comit\u00e9 ejecutivo al acusarlos de contubernio con la Secretar\u00eda de\nAdministraci\u00f3n.<\/p>\n\n\n\n<p>En varias\nsedes de la Fiscal\u00eda General del Estado, entre ellas las ubicadas en el centro\nde la ciudad, se colocaron cartulinas para demandar transparencia en el manejo\ndel fondo de pensiones y claridad en las negociaciones del pliego petitorio\n2020.<\/p>\n\n\n\n<p>En tanto,\nadscritos a la Secretar\u00eda de Seguridad Publica se manifestaron a las afueras de\nla Direcci\u00f3n General de la Polic\u00eda Vial Estatal, ubicada en la capital del\nestado, para exigir el aumento del 20 por ciento a su salario y cuentas claras\nal fondo de pensiones.<\/p>\n\n\n\n<p>Los\ninconformes aseguraron no existe comunicaci\u00f3n por parte de su l\u00edder sindical,\nIgnacio Villavicencio, con respecto a las negociaciones existentes por ello\nsalieron a manifestarse para exigir el aumento salarial y el informe detallado\nde c\u00f3mo va la atenci\u00f3n a su pliego petitorio de esta 2020.<\/p>\n\n\n\n<p>Sandra\nAurora Callado de la Rosa, trabajadora de base de la dependencia, explic\u00f3 que\ntienen conocimiento que a nivel nacional el aumento de 20 por ciento al salario\nm\u00ednimo est\u00e1 autorizado, raz\u00f3n por la que han decidido iniciar sus\nmovilizaciones a fin de que gocen del mismo beneficio.<\/p>\n\n\n\n<p>La\nmovilizaci\u00f3n se hace como medida de presi\u00f3n ya que tienen conocimiento que el\nsindicato y la Secretar\u00eda de Administraci\u00f3n que dirige Germ\u00e1n Espinosa se\nencuentran en plena negociaci\u00f3n para dar atenci\u00f3n a la demanda del aumento\nsalarial, sin olvidar el tema del Fondo de Pensiones que tambi\u00e9n buscan que se\nrevise de forma urgente.<\/p>\n\n\n\n<p>\u201cNosotros\nestamos preocupados y exigimos que se nos aclare el estado que guarda el Fondo\nde Pensiones, ya que ni las dependencias ni el sindicato nos han comentado la\nsituaci\u00f3n real y solo se maneja en medios de comunicaci\u00f3n qu\u00e9 hay una crisis en\nese tema\u201d, dijo.<\/p>\n\n\n\n<p>En este\nsentido evidenciaron su negativa de que el transporte que les traslada a los\ncomplejos de Ciudad Administrativa y Judicial tenga un costo, ya que existe un\nconvenio por medio del cual se determin\u00f3 el traslado de la base trabajadora de\nforma gratuita como parte de los acuerdos para aceptar dejar sus c\u00e9ntricas\noficinas.<\/p>\n\n\n\n<p>La\nprotesta se replica tambi\u00e9n en diversas dependencias de la Ciudad\nAdministrativa y la Ciudad Judicial, donde personal sindicalizado tambi\u00e9n exige\nel aumento salarial del 20 por ciento de forma directa a la n\u00f3mina y la\ntransparencia en el fondo de pensiones.<\/p>\n\n\n\n<p>Lo\nanterior en plena contingencia mundial por el Covid-19 en la que se ha\npropuesto la reducci\u00f3n y suspensi\u00f3n de actividades masivas, as\u00ed como el\naislamiento de las personas para evitar el contagio colectivo del coronavirus.<\/p>\n","protected":false},"excerpt":{"rendered":"<p>Evlin Arag\u00f3n\/Zona Roja. Oaxaca de Ju\u00e1rez, Oax., 17 de marzo de 2020.- Personal de base&hellip;<\/p>\n","protected":false},"author":2,"featured_media":9992,"comment_status":"closed","ping_status":"open","sticky":false,"template":"","format":"standard","meta":{"_lmt_disableupdate":"","_lmt_disable":"","_jetpack_memberships_contains_paid_content":false,"footnotes":""},"categories":[109,47],"tags":[1526],"class_list":["post-9991","post","type-post","status-publish","format-standard","has-post-thumbnail","hentry","category-minuto-a-minuto","category-zona-gris","tag-protestan-trabajadores-del-gobierno-de-oaxaca"],"jetpack_featured_media_url":"https:\/\/zonaroja.com.mx\/wp-content\/uploads\/2020\/03\/Protesta-sindicalizados-gobierno.jpg","jetpack_sharing_enabled":true,"_links":{"self":[{"href":"https:\/\/zonaroja.com.mx\/index.php?rest_route=\/wp\/v2\/posts\/9991","targetHints":{"allow":["GET"]}}],"collection":[{"href":"https:\/\/zonaroja.com.mx\/index.php?rest_route=\/wp\/v2\/posts"}],"about":[{"href":"https:\/\/zonaroja.com.mx\/index.php?rest_route=\/wp\/v2\/types\/post"}],"author":[{"embeddable":true,"href":"https:\/\/zonaroja.com.mx\/index.php?rest_route=\/wp\/v2\/users\/2"}],"replies":[{"embeddable":true,"href":"https:\/\/zonaroja.com.mx\/index.php?rest_route=%2Fwp%2Fv2%2Fcomments&post=9991"}],"version-history":[{"count":1,"href":"https:\/\/zonaroja.com.mx\/index.php?rest_route=\/wp\/v2\/posts\/9991\/revisions"}],"predecessor-version":[{"id":9993,"href":"https:\/\/zonaroja.com.mx\/index.php?rest_route=\/wp\/v2\/posts\/9991\/revisions\/9993"}],"wp:featuredmedia":[{"embeddable":true,"href":"https:\/\/zonaroja.com.mx\/index.php?rest_route=\/wp\/v2\/media\/9992"}],"wp:attachment":[{"href":"https:\/\/zonaroja.com.mx\/index.php?rest_route=%2Fwp%2Fv2%2Fmedia&parent=9991"}],"wp:term":[{"taxonomy":"category","embeddable":true,"href":"https:\/\/zonaroja.com.mx\/index.php?rest_route=%2Fwp%2Fv2%2Fcategories&post=9991"},{"taxonomy":"post_tag","embeddable":true,"href":"https:\/\/zonaroja.com.mx\/index.php?rest_route=%2Fwp%2Fv2%2Ftags&post=9991"}],"curies":[{"name":"wp","href":"https:\/\/api.w.org\/{rel}","templated":true}]}}